{"id":815,"date":"2020-09-09T08:54:00","date_gmt":"2020-09-09T06:54:00","guid":{"rendered":"https:\/\/mesopolhis.fr\/?p=815"},"modified":"2022-01-28T11:28:50","modified_gmt":"2022-01-28T10:28:50","slug":"laurent-mucchielli-we-are-once-again-going-to-see-crime-figures-used-as-a-tool","status":"publish","type":"post","link":"https:\/\/mesopolhis.fr\/en\/blog\/2020\/09\/09\/laurent-mucchielli-we-are-once-again-going-to-see-crime-figures-used-as-a-tool\/","title":{"rendered":"Laurent Mucchielli - \"Once again, we're going to see crime figures used as a tool\"."},"content":{"rendered":"<p>After talking about<em>enslavement<\/em>The French Minister of the Interior, G\u00e9rald Darmanin, has announced that he will publish crime figures every month. A Sarkozy-style strategy that raises many questions about our relationship with reality.<br><em>Regards.fr<\/em>Interview by Lo\u00efc Le Clerc, 8 September 2020.<br><a href=\"http:\/\/www.regards.fr\/politique\/article\/on-va-de-nouveau-assister-a-une-instrumentalisation-des-chiffres-de-la\">online<\/a><\/p>\n\n\n\n<figure class=\"wp-block-image\"><img decoding=\"async\" src=\"https:\/\/lames.cnrs.fr\/squelettes-dist\/puce.gif\" alt=\"-\"\/><\/figure>\n\n\n\n<p>&nbsp;See the article \"Security: G\u00e9rald Darmanin following in Nicolas Sarkozy's footsteps? The spectre of a policy based on numbers worries police officers \"<br><em>20minutes.fr<\/em>H\u00e9l\u00e8ne Sergent, 09.09.2020<\/p>","protected":false},"excerpt":{"rendered":"<p>After talking about \"ensauvagement\", Interior Minister G\u00e9rald Darmanin has announced that he is going to publish crime figures every month. A Sarkozy-style strategy that raises a number of questions about our relationship with reality.Regards.fr, Interview by Lo\u00efc Le Clerc, 8 September 2020.en ligne See the article \"S\u00e9curit\u00e9 : G\u00e9rald...<\/p>","protected":false},"author":1,"featured_media":816,"comment_status":"open","ping_status":"open","sticky":false,"template":"","format":"standard","meta":{"_acf_changed":false,"inline_featured_image":false,"footnotes":""},"categories":[45,10],"tags":[],"class_list":["post-815","post","type-post","status-publish","format-standard","has-post-thumbnail","hentry","category-axe-6","category-dans-les-medias"],"acf":[],"yoast_head":"<!-- This site is optimized with the Yoast SEO plugin v27.5 - https:\/\/yoast.com\/product\/yoast-seo-wordpress\/ -->\n<title>Laurent Mucchielli - \u00ab On va de nouveau assister \u00e0 une instrumentalisation des chiffres de la d\u00e9linquance \u00bb - Mesopolhis<\/title>\n<meta name=\"robots\" content=\"index, follow, max-snippet:-1, max-image-preview:large, max-video-preview:-1\" \/>\n<link rel=\"canonical\" href=\"https:\/\/mesopolhis.fr\/en\/blog\/2020\/09\/09\/laurent-mucchielli-we-are-once-again-going-to-see-crime-figures-used-as-a-tool\/\" \/>\n<meta property=\"og:locale\" content=\"en_GB\" \/>\n<meta property=\"og:type\" content=\"article\" \/>\n<meta property=\"og:title\" content=\"Laurent Mucchielli - \u00ab On va de nouveau assister \u00e0 une instrumentalisation des chiffres de la d\u00e9linquance \u00bb - Mesopolhis\" \/>\n<meta property=\"og:description\" content=\"Apr\u00e8s avoir parl\u00e9 d\u2019ensauvagement, le ministre de l\u2019Int\u00e9rieur G\u00e9rald Darmanin annonce qu\u2019il va rendre publics les chiffres de la d\u00e9linquance tous les mois. Une strat\u00e9gie \u00e0 la Sarkozy qui pose un grand nombre de questions quant \u00e0 notre rapport \u00e0 la r\u00e9alit\u00e9.Regards.fr, Entretien par Lo\u00efc Le Clerc, 8 septembre 2020.en ligne &nbsp;Voir l\u2019article \u00ab\u00a0S\u00e9curit\u00e9&nbsp;: G\u00e9rald&hellip;\" \/>\n<meta property=\"og:url\" content=\"https:\/\/mesopolhis.fr\/en\/blog\/2020\/09\/09\/laurent-mucchielli-we-are-once-again-going-to-see-crime-figures-used-as-a-tool\/\" \/>\n<meta property=\"og:site_name\" content=\"Mesopolhis\" \/>\n<meta property=\"article:published_time\" content=\"2020-09-09T06:54:00+00:00\" \/>\n<meta property=\"article:modified_time\" content=\"2022-01-28T10:28:50+00:00\" \/>\n<meta property=\"og:image\" content=\"https:\/\/mesopolhis.fr\/wp-content\/uploads\/2022\/01\/00regards.fr_.jpg\" \/>\n\t<meta property=\"og:image:width\" content=\"524\" \/>\n\t<meta property=\"og:image:height\" content=\"308\" \/>\n\t<meta property=\"og:image:type\" content=\"image\/jpeg\" \/>\n<meta name=\"author\" content=\"benoit\" \/>\n<meta name=\"twitter:card\" content=\"summary_large_image\" \/>\n<meta name=\"twitter:label1\" content=\"Written by\" \/>\n\t<meta name=\"twitter:data1\" content=\"benoit\" \/>\n\t<meta name=\"twitter:label2\" content=\"Estimated reading time\" \/>\n\t<meta name=\"twitter:data2\" content=\"1 minute\" \/>\n<script type=\"application\/ld+json\" class=\"yoast-schema-graph\">{\"@context\":\"https:\\\/\\\/schema.org\",\"@graph\":[{\"@type\":\"Article\",\"@id\":\"https:\\\/\\\/mesopolhis.fr\\\/blog\\\/2020\\\/09\\\/09\\\/laurent-mucchielli-on-va-de-nouveau-assister-a-une-instrumentalisation-des-chiffres-de-la-delinquance\\\/#article\",\"isPartOf\":{\"@id\":\"https:\\\/\\\/mesopolhis.fr\\\/blog\\\/2020\\\/09\\\/09\\\/laurent-mucchielli-on-va-de-nouveau-assister-a-une-instrumentalisation-des-chiffres-de-la-delinquance\\\/\"},\"author\":{\"name\":\"benoit\",\"@id\":\"https:\\\/\\\/mesopolhis.fr\\\/#\\\/schema\\\/person\\\/a06d16012fef25a2b5ba2cb1f6550fb8\"},\"headline\":\"Laurent Mucchielli &#8211; \u00ab On va de nouveau assister \u00e0 une instrumentalisation des chiffres de la d\u00e9linquance \u00bb\",\"datePublished\":\"2020-09-09T06:54:00+00:00\",\"dateModified\":\"2022-01-28T10:28:50+00:00\",\"mainEntityOfPage\":{\"@id\":\"https:\\\/\\\/mesopolhis.fr\\\/blog\\\/2020\\\/09\\\/09\\\/laurent-mucchielli-on-va-de-nouveau-assister-a-une-instrumentalisation-des-chiffres-de-la-delinquance\\\/\"},\"wordCount\":110,\"commentCount\":0,\"publisher\":{\"@id\":\"https:\\\/\\\/mesopolhis.fr\\\/#organization\"},\"image\":{\"@id\":\"https:\\\/\\\/mesopolhis.fr\\\/blog\\\/2020\\\/09\\\/09\\\/laurent-mucchielli-on-va-de-nouveau-assister-a-une-instrumentalisation-des-chiffres-de-la-delinquance\\\/#primaryimage\"},\"thumbnailUrl\":\"https:\\\/\\\/mesopolhis.fr\\\/wp-content\\\/uploads\\\/2022\\\/01\\\/00regards.fr_.jpg\",\"articleSection\":[\"Axe 6\",\"Dans les m\u00e9dias\"],\"inLanguage\":\"en-GB\"},{\"@type\":\"WebPage\",\"@id\":\"https:\\\/\\\/mesopolhis.fr\\\/blog\\\/2020\\\/09\\\/09\\\/laurent-mucchielli-on-va-de-nouveau-assister-a-une-instrumentalisation-des-chiffres-de-la-delinquance\\\/\",\"url\":\"https:\\\/\\\/mesopolhis.fr\\\/blog\\\/2020\\\/09\\\/09\\\/laurent-mucchielli-on-va-de-nouveau-assister-a-une-instrumentalisation-des-chiffres-de-la-delinquance\\\/\",\"name\":\"Laurent Mucchielli - \u00ab On va de nouveau assister \u00e0 une instrumentalisation des chiffres de la d\u00e9linquance \u00bb - Mesopolhis\",\"isPartOf\":{\"@id\":\"https:\\\/\\\/mesopolhis.fr\\\/#website\"},\"primaryImageOfPage\":{\"@id\":\"https:\\\/\\\/mesopolhis.fr\\\/blog\\\/2020\\\/09\\\/09\\\/laurent-mucchielli-on-va-de-nouveau-assister-a-une-instrumentalisation-des-chiffres-de-la-delinquance\\\/#primaryimage\"},\"image\":{\"@id\":\"https:\\\/\\\/mesopolhis.fr\\\/blog\\\/2020\\\/09\\\/09\\\/laurent-mucchielli-on-va-de-nouveau-assister-a-une-instrumentalisation-des-chiffres-de-la-delinquance\\\/#primaryimage\"},\"thumbnailUrl\":\"https:\\\/\\\/mesopolhis.fr\\\/wp-content\\\/uploads\\\/2022\\\/01\\\/00regards.fr_.jpg\",\"datePublished\":\"2020-09-09T06:54:00+00:00\",\"dateModified\":\"2022-01-28T10:28:50+00:00\",\"breadcrumb\":{\"@id\":\"https:\\\/\\\/mesopolhis.fr\\\/blog\\\/2020\\\/09\\\/09\\\/laurent-mucchielli-on-va-de-nouveau-assister-a-une-instrumentalisation-des-chiffres-de-la-delinquance\\\/#breadcrumb\"},\"inLanguage\":\"en-GB\",\"potentialAction\":[{\"@type\":\"ReadAction\",\"target\":[\"https:\\\/\\\/mesopolhis.fr\\\/blog\\\/2020\\\/09\\\/09\\\/laurent-mucchielli-on-va-de-nouveau-assister-a-une-instrumentalisation-des-chiffres-de-la-delinquance\\\/\"]}]},{\"@type\":\"ImageObject\",\"inLanguage\":\"en-GB\",\"@id\":\"https:\\\/\\\/mesopolhis.fr\\\/blog\\\/2020\\\/09\\\/09\\\/laurent-mucchielli-on-va-de-nouveau-assister-a-une-instrumentalisation-des-chiffres-de-la-delinquance\\\/#primaryimage\",\"url\":\"https:\\\/\\\/mesopolhis.fr\\\/wp-content\\\/uploads\\\/2022\\\/01\\\/00regards.fr_.jpg\",\"contentUrl\":\"https:\\\/\\\/mesopolhis.fr\\\/wp-content\\\/uploads\\\/2022\\\/01\\\/00regards.fr_.jpg\",\"width\":524,\"height\":308},{\"@type\":\"BreadcrumbList\",\"@id\":\"https:\\\/\\\/mesopolhis.fr\\\/blog\\\/2020\\\/09\\\/09\\\/laurent-mucchielli-on-va-de-nouveau-assister-a-une-instrumentalisation-des-chiffres-de-la-delinquance\\\/#breadcrumb\",\"itemListElement\":[{\"@type\":\"ListItem\",\"position\":1,\"name\":\"Accueil\",\"item\":\"https:\\\/\\\/mesopolhis.fr\\\/\"},{\"@type\":\"ListItem\",\"position\":2,\"name\":\"Laurent Mucchielli &#8211; \u00ab On va de nouveau assister \u00e0 une instrumentalisation des chiffres de la d\u00e9linquance \u00bb\"}]},{\"@type\":\"WebSite\",\"@id\":\"https:\\\/\\\/mesopolhis.fr\\\/#website\",\"url\":\"https:\\\/\\\/mesopolhis.fr\\\/\",\"name\":\"Mesopolhis\",\"description\":\"Centre m\u00e9diterran\u00e9en de sociologie, de science politique et d&#039;histoire\",\"publisher\":{\"@id\":\"https:\\\/\\\/mesopolhis.fr\\\/#organization\"},\"potentialAction\":[{\"@type\":\"SearchAction\",\"target\":{\"@type\":\"EntryPoint\",\"urlTemplate\":\"https:\\\/\\\/mesopolhis.fr\\\/?s={search_term_string}\"},\"query-input\":{\"@type\":\"PropertyValueSpecification\",\"valueRequired\":true,\"valueName\":\"search_term_string\"}}],\"inLanguage\":\"en-GB\"},{\"@type\":\"Organization\",\"@id\":\"https:\\\/\\\/mesopolhis.fr\\\/#organization\",\"name\":\"Mesopolhis\",\"url\":\"https:\\\/\\\/mesopolhis.fr\\\/\",\"logo\":{\"@type\":\"ImageObject\",\"inLanguage\":\"en-GB\",\"@id\":\"https:\\\/\\\/mesopolhis.fr\\\/#\\\/schema\\\/logo\\\/image\\\/\",\"url\":\"https:\\\/\\\/mesopolhis.fr\\\/wp-content\\\/uploads\\\/2021\\\/12\\\/Logo_MESOPOLHIS_Quadri.png\",\"contentUrl\":\"https:\\\/\\\/mesopolhis.fr\\\/wp-content\\\/uploads\\\/2021\\\/12\\\/Logo_MESOPOLHIS_Quadri.png\",\"width\":264,\"height\":69,\"caption\":\"Mesopolhis\"},\"image\":{\"@id\":\"https:\\\/\\\/mesopolhis.fr\\\/#\\\/schema\\\/logo\\\/image\\\/\"}},{\"@type\":\"Person\",\"@id\":\"https:\\\/\\\/mesopolhis.fr\\\/#\\\/schema\\\/person\\\/a06d16012fef25a2b5ba2cb1f6550fb8\",\"name\":\"benoit\",\"image\":{\"@type\":\"ImageObject\",\"inLanguage\":\"en-GB\",\"@id\":\"https:\\\/\\\/secure.gravatar.com\\\/avatar\\\/d29bc3142d10f6317c9c56f80b590e6edd64d2f9415f0312cab15921cc3a3d9c?s=96&d=mm&r=g\",\"url\":\"https:\\\/\\\/secure.gravatar.com\\\/avatar\\\/d29bc3142d10f6317c9c56f80b590e6edd64d2f9415f0312cab15921cc3a3d9c?s=96&d=mm&r=g\",\"contentUrl\":\"https:\\\/\\\/secure.gravatar.com\\\/avatar\\\/d29bc3142d10f6317c9c56f80b590e6edd64d2f9415f0312cab15921cc3a3d9c?s=96&d=mm&r=g\",\"caption\":\"benoit\"},\"url\":\"https:\\\/\\\/mesopolhis.fr\\\/en\\\/blog\\\/author\\\/benoit\\\/\"}]}<\/script>\n<!-- \/ Yoast SEO plugin. -->","yoast_head_json":{"title":"Laurent Mucchielli - \"Once again, we're going to see crime figures used as a tool\" - Mesopolhis","robots":{"index":"index","follow":"follow","max-snippet":"max-snippet:-1","max-image-preview":"max-image-preview:large","max-video-preview":"max-video-preview:-1"},"canonical":"https:\/\/mesopolhis.fr\/en\/blog\/2020\/09\/09\/laurent-mucchielli-we-are-once-again-going-to-see-crime-figures-used-as-a-tool\/","og_locale":"en_GB","og_type":"article","og_title":"Laurent Mucchielli - \u00ab On va de nouveau assister \u00e0 une instrumentalisation des chiffres de la d\u00e9linquance \u00bb - Mesopolhis","og_description":"Apr\u00e8s avoir parl\u00e9 d\u2019ensauvagement, le ministre de l\u2019Int\u00e9rieur G\u00e9rald Darmanin annonce qu\u2019il va rendre publics les chiffres de la d\u00e9linquance tous les mois. Une strat\u00e9gie \u00e0 la Sarkozy qui pose un grand nombre de questions quant \u00e0 notre rapport \u00e0 la r\u00e9alit\u00e9.Regards.fr, Entretien par Lo\u00efc Le Clerc, 8 septembre 2020.en ligne &nbsp;Voir l\u2019article \u00ab\u00a0S\u00e9curit\u00e9&nbsp;: G\u00e9rald&hellip;","og_url":"https:\/\/mesopolhis.fr\/en\/blog\/2020\/09\/09\/laurent-mucchielli-we-are-once-again-going-to-see-crime-figures-used-as-a-tool\/","og_site_name":"Mesopolhis","article_published_time":"2020-09-09T06:54:00+00:00","article_modified_time":"2022-01-28T10:28:50+00:00","og_image":[{"width":524,"height":308,"url":"https:\/\/mesopolhis.fr\/wp-content\/uploads\/2022\/01\/00regards.fr_.jpg","type":"image\/jpeg"}],"author":"benoit","twitter_card":"summary_large_image","twitter_misc":{"Written by":"benoit","Estimated reading time":"1 minute"},"schema":{"@context":"https:\/\/schema.org","@graph":[{"@type":"Article","@id":"https:\/\/mesopolhis.fr\/blog\/2020\/09\/09\/laurent-mucchielli-on-va-de-nouveau-assister-a-une-instrumentalisation-des-chiffres-de-la-delinquance\/#article","isPartOf":{"@id":"https:\/\/mesopolhis.fr\/blog\/2020\/09\/09\/laurent-mucchielli-on-va-de-nouveau-assister-a-une-instrumentalisation-des-chiffres-de-la-delinquance\/"},"author":{"name":"benoit","@id":"https:\/\/mesopolhis.fr\/#\/schema\/person\/a06d16012fef25a2b5ba2cb1f6550fb8"},"headline":"Laurent Mucchielli &#8211; \u00ab On va de nouveau assister \u00e0 une instrumentalisation des chiffres de la d\u00e9linquance \u00bb","datePublished":"2020-09-09T06:54:00+00:00","dateModified":"2022-01-28T10:28:50+00:00","mainEntityOfPage":{"@id":"https:\/\/mesopolhis.fr\/blog\/2020\/09\/09\/laurent-mucchielli-on-va-de-nouveau-assister-a-une-instrumentalisation-des-chiffres-de-la-delinquance\/"},"wordCount":110,"commentCount":0,"publisher":{"@id":"https:\/\/mesopolhis.fr\/#organization"},"image":{"@id":"https:\/\/mesopolhis.fr\/blog\/2020\/09\/09\/laurent-mucchielli-on-va-de-nouveau-assister-a-une-instrumentalisation-des-chiffres-de-la-delinquance\/#primaryimage"},"thumbnailUrl":"https:\/\/mesopolhis.fr\/wp-content\/uploads\/2022\/01\/00regards.fr_.jpg","articleSection":["Axe 6","Dans les m\u00e9dias"],"inLanguage":"en-GB"},{"@type":"WebPage","@id":"https:\/\/mesopolhis.fr\/blog\/2020\/09\/09\/laurent-mucchielli-on-va-de-nouveau-assister-a-une-instrumentalisation-des-chiffres-de-la-delinquance\/","url":"https:\/\/mesopolhis.fr\/blog\/2020\/09\/09\/laurent-mucchielli-on-va-de-nouveau-assister-a-une-instrumentalisation-des-chiffres-de-la-delinquance\/","name":"Laurent Mucchielli - \"Once again, we're going to see crime figures used as a tool\" - Mesopolhis","isPartOf":{"@id":"https:\/\/mesopolhis.fr\/#website"},"primaryImageOfPage":{"@id":"https:\/\/mesopolhis.fr\/blog\/2020\/09\/09\/laurent-mucchielli-on-va-de-nouveau-assister-a-une-instrumentalisation-des-chiffres-de-la-delinquance\/#primaryimage"},"image":{"@id":"https:\/\/mesopolhis.fr\/blog\/2020\/09\/09\/laurent-mucchielli-on-va-de-nouveau-assister-a-une-instrumentalisation-des-chiffres-de-la-delinquance\/#primaryimage"},"thumbnailUrl":"https:\/\/mesopolhis.fr\/wp-content\/uploads\/2022\/01\/00regards.fr_.jpg","datePublished":"2020-09-09T06:54:00+00:00","dateModified":"2022-01-28T10:28:50+00:00","breadcrumb":{"@id":"https:\/\/mesopolhis.fr\/blog\/2020\/09\/09\/laurent-mucchielli-on-va-de-nouveau-assister-a-une-instrumentalisation-des-chiffres-de-la-delinquance\/#breadcrumb"},"inLanguage":"en-GB","potentialAction":[{"@type":"ReadAction","target":["https:\/\/mesopolhis.fr\/blog\/2020\/09\/09\/laurent-mucchielli-on-va-de-nouveau-assister-a-une-instrumentalisation-des-chiffres-de-la-delinquance\/"]}]},{"@type":"ImageObject","inLanguage":"en-GB","@id":"https:\/\/mesopolhis.fr\/blog\/2020\/09\/09\/laurent-mucchielli-on-va-de-nouveau-assister-a-une-instrumentalisation-des-chiffres-de-la-delinquance\/#primaryimage","url":"https:\/\/mesopolhis.fr\/wp-content\/uploads\/2022\/01\/00regards.fr_.jpg","contentUrl":"https:\/\/mesopolhis.fr\/wp-content\/uploads\/2022\/01\/00regards.fr_.jpg","width":524,"height":308},{"@type":"BreadcrumbList","@id":"https:\/\/mesopolhis.fr\/blog\/2020\/09\/09\/laurent-mucchielli-on-va-de-nouveau-assister-a-une-instrumentalisation-des-chiffres-de-la-delinquance\/#breadcrumb","itemListElement":[{"@type":"ListItem","position":1,"name":"Accueil","item":"https:\/\/mesopolhis.fr\/"},{"@type":"ListItem","position":2,"name":"Laurent Mucchielli &#8211; \u00ab On va de nouveau assister \u00e0 une instrumentalisation des chiffres de la d\u00e9linquance \u00bb"}]},{"@type":"WebSite","@id":"https:\/\/mesopolhis.fr\/#website","url":"https:\/\/mesopolhis.fr\/","name":"Mesopolhis","description":"Mediterranean Centre for Sociology, Political Science and History","publisher":{"@id":"https:\/\/mesopolhis.fr\/#organization"},"potentialAction":[{"@type":"SearchAction","target":{"@type":"EntryPoint","urlTemplate":"https:\/\/mesopolhis.fr\/?s={search_term_string}"},"query-input":{"@type":"PropertyValueSpecification","valueRequired":true,"valueName":"search_term_string"}}],"inLanguage":"en-GB"},{"@type":"Organization","@id":"https:\/\/mesopolhis.fr\/#organization","name":"Mesopolhis","url":"https:\/\/mesopolhis.fr\/","logo":{"@type":"ImageObject","inLanguage":"en-GB","@id":"https:\/\/mesopolhis.fr\/#\/schema\/logo\/image\/","url":"https:\/\/mesopolhis.fr\/wp-content\/uploads\/2021\/12\/Logo_MESOPOLHIS_Quadri.png","contentUrl":"https:\/\/mesopolhis.fr\/wp-content\/uploads\/2021\/12\/Logo_MESOPOLHIS_Quadri.png","width":264,"height":69,"caption":"Mesopolhis"},"image":{"@id":"https:\/\/mesopolhis.fr\/#\/schema\/logo\/image\/"}},{"@type":"Person","@id":"https:\/\/mesopolhis.fr\/#\/schema\/person\/a06d16012fef25a2b5ba2cb1f6550fb8","name":"benoit","image":{"@type":"ImageObject","inLanguage":"en-GB","@id":"https:\/\/secure.gravatar.com\/avatar\/d29bc3142d10f6317c9c56f80b590e6edd64d2f9415f0312cab15921cc3a3d9c?s=96&d=mm&r=g","url":"https:\/\/secure.gravatar.com\/avatar\/d29bc3142d10f6317c9c56f80b590e6edd64d2f9415f0312cab15921cc3a3d9c?s=96&d=mm&r=g","contentUrl":"https:\/\/secure.gravatar.com\/avatar\/d29bc3142d10f6317c9c56f80b590e6edd64d2f9415f0312cab15921cc3a3d9c?s=96&d=mm&r=g","caption":"benoit"},"url":"https:\/\/mesopolhis.fr\/en\/blog\/author\/benoit\/"}]}},"_links":{"self":[{"href":"https:\/\/mesopolhis.fr\/en\/wp-json\/wp\/v2\/posts\/815","targetHints":{"allow":["GET"]}}],"collection":[{"href":"https:\/\/mesopolhis.fr\/en\/wp-json\/wp\/v2\/posts"}],"about":[{"href":"https:\/\/mesopolhis.fr\/en\/wp-json\/wp\/v2\/types\/post"}],"author":[{"embeddable":true,"href":"https:\/\/mesopolhis.fr\/en\/wp-json\/wp\/v2\/users\/1"}],"replies":[{"embeddable":true,"href":"https:\/\/mesopolhis.fr\/en\/wp-json\/wp\/v2\/comments?post=815"}],"version-history":[{"count":0,"href":"https:\/\/mesopolhis.fr\/en\/wp-json\/wp\/v2\/posts\/815\/revisions"}],"wp:featuredmedia":[{"embeddable":true,"href":"https:\/\/mesopolhis.fr\/en\/wp-json\/wp\/v2\/media\/816"}],"wp:attachment":[{"href":"https:\/\/mesopolhis.fr\/en\/wp-json\/wp\/v2\/media?parent=815"}],"wp:term":[{"taxonomy":"category","embeddable":true,"href":"https:\/\/mesopolhis.fr\/en\/wp-json\/wp\/v2\/categories?post=815"},{"taxonomy":"post_tag","embeddable":true,"href":"https:\/\/mesopolhis.fr\/en\/wp-json\/wp\/v2\/tags?post=815"}],"curies":[{"name":"wp","href":"https:\/\/api.w.org\/{rel}","templated":true}]}}