{"id":762,"date":"2021-02-25T08:29:00","date_gmt":"2021-02-25T07:29:00","guid":{"rendered":"https:\/\/mesopolhis.fr\/?p=762"},"modified":"2022-01-28T11:25:57","modified_gmt":"2022-01-28T10:25:57","slug":"laurent-mucchielli-quoted-in-ils-ne-voient-pas-ce-que-nous-on-voit-residents-of-marseilles-northern-neighbourhoods-sceptical-ahead-of-gerald-darmanins-visit","status":"publish","type":"post","link":"https:\/\/mesopolhis.fr\/en\/blog\/2021\/02\/25\/laurent-mucchielli-quoted-in-ils-ne-voient-pas-ce-que-nous-on-voit-residents-of-marseilles-northern-neighbourhoods-sceptical-ahead-of-gerald-darmanins-visit\/","title":{"rendered":"Laurent Mucchielli quoted in \"They don't see what we see\": residents of Marseille's northern neighbourhoods sceptical ahead of G\u00e9rald Darmanin's visit\""},"content":{"rendered":"<p><em>FranceInfo<\/em>25 February 2021<br><a href=\"https:\/\/www.francetvinfo.fr\/faits-divers\/ils-ne-voient-pas-ce-que-nous-on-voit-les-habitants-des-quartiers-nord-de-marseille-sceptiques-avant-la-visite-de-gerald-darmanin_4309451.html\">online<\/a><\/p>\n\n\n\n<p>\"The Minister of the Interior is visiting the city of Marseille on Thursday. A trip that is not considered very useful by the residents of working-class neighbourhoods, who are used to official visits with no concrete results.\" ...<\/p>","protected":false},"excerpt":{"rendered":"<p>FranceInfo, 25 February 2021en ligne \"The Minister of the Interior is visiting the city of Marseille on Thursday. A trip that is not considered very useful by the residents of working-class neighbourhoods, who are used to official visits with no concrete results.\" ...<\/p>","protected":false},"author":1,"featured_media":713,"comment_status":"open","ping_status":"open","sticky":false,"template":"","format":"standard","meta":{"_acf_changed":false,"inline_featured_image":false,"footnotes":""},"categories":[45,10],"tags":[],"class_list":["post-762","post","type-post","status-publish","format-standard","has-post-thumbnail","hentry","category-axe-6","category-dans-les-medias"],"acf":[],"yoast_head":"<!-- This site is optimized with the Yoast SEO plugin v27.4 - https:\/\/yoast.com\/product\/yoast-seo-wordpress\/ -->\n<title>Laurent Mucchielli cit\u00e9 dans \u00ab \u201cIls ne voient pas ce que nous on voit\u201d : les habitants des quartiers nord de Marseille sceptiques avant la visite de G\u00e9rald Darmanin \u00bb - Mesopolhis<\/title>\n<meta name=\"robots\" content=\"index, follow, max-snippet:-1, max-image-preview:large, max-video-preview:-1\" \/>\n<link rel=\"canonical\" href=\"https:\/\/mesopolhis.fr\/en\/blog\/2021\/02\/25\/laurent-mucchielli-quoted-in-ils-ne-voient-pas-ce-que-nous-on-voit-residents-of-marseilles-northern-neighbourhoods-sceptical-ahead-of-gerald-darmanins-visit\/\" \/>\n<meta property=\"og:locale\" content=\"en_GB\" \/>\n<meta property=\"og:type\" content=\"article\" \/>\n<meta property=\"og:title\" content=\"Laurent Mucchielli cit\u00e9 dans \u00ab \u201cIls ne voient pas ce que nous on voit\u201d : les habitants des quartiers nord de Marseille sceptiques avant la visite de G\u00e9rald Darmanin \u00bb - Mesopolhis\" \/>\n<meta property=\"og:description\" content=\"FranceInfo, 25 f\u00e9vrier 2021en ligne \u00ab\u00a0Le ministre de l\u2019Int\u00e9rieur se rend dans la cit\u00e9 phoc\u00e9enne jeudi. Un d\u00e9placement qui n\u2019est pas jug\u00e9 tr\u00e8s utile par les habitants des quartiers populaires, habitu\u00e9s aux visites officielles sans r\u00e9sultats concrets.\u00a0\u00bb &#8230;\" \/>\n<meta property=\"og:url\" content=\"https:\/\/mesopolhis.fr\/en\/blog\/2021\/02\/25\/laurent-mucchielli-quoted-in-ils-ne-voient-pas-ce-que-nous-on-voit-residents-of-marseilles-northern-neighbourhoods-sceptical-ahead-of-gerald-darmanins-visit\/\" \/>\n<meta property=\"og:site_name\" content=\"Mesopolhis\" \/>\n<meta property=\"article:published_time\" content=\"2021-02-25T07:29:00+00:00\" \/>\n<meta property=\"article:modified_time\" content=\"2022-01-28T10:25:57+00:00\" \/>\n<meta property=\"og:image\" content=\"https:\/\/mesopolhis.fr\/wp-content\/uploads\/2022\/01\/01-frinfo.jpg\" \/>\n\t<meta property=\"og:image:width\" content=\"524\" \/>\n\t<meta property=\"og:image:height\" content=\"308\" \/>\n\t<meta property=\"og:image:type\" content=\"image\/jpeg\" \/>\n<meta name=\"author\" content=\"benoit\" \/>\n<meta name=\"twitter:card\" content=\"summary_large_image\" \/>\n<meta name=\"twitter:label1\" content=\"Written by\" \/>\n\t<meta name=\"twitter:data1\" content=\"benoit\" \/>\n\t<meta name=\"twitter:label2\" content=\"Estimated reading time\" \/>\n\t<meta name=\"twitter:data2\" content=\"1 minute\" \/>\n<script type=\"application\/ld+json\" class=\"yoast-schema-graph\">{\"@context\":\"https:\\\/\\\/schema.org\",\"@graph\":[{\"@type\":\"Article\",\"@id\":\"https:\\\/\\\/mesopolhis.fr\\\/blog\\\/2021\\\/02\\\/25\\\/laurent-mucchielli-cite-dans-ils-ne-voient-pas-ce-que-nous-on-voit-les-habitants-des-quartiers-nord-de-marseille-sceptiques-avant-la-visite-de-gerald-darmanin\\\/#article\",\"isPartOf\":{\"@id\":\"https:\\\/\\\/mesopolhis.fr\\\/blog\\\/2021\\\/02\\\/25\\\/laurent-mucchielli-cite-dans-ils-ne-voient-pas-ce-que-nous-on-voit-les-habitants-des-quartiers-nord-de-marseille-sceptiques-avant-la-visite-de-gerald-darmanin\\\/\"},\"author\":{\"name\":\"benoit\",\"@id\":\"https:\\\/\\\/mesopolhis.fr\\\/#\\\/schema\\\/person\\\/a06d16012fef25a2b5ba2cb1f6550fb8\"},\"headline\":\"Laurent Mucchielli cit\u00e9 dans \u00ab \u201cIls ne voient pas ce que nous on voit\u201d : les habitants des quartiers nord de Marseille sceptiques avant la visite de G\u00e9rald Darmanin \u00bb\",\"datePublished\":\"2021-02-25T07:29:00+00:00\",\"dateModified\":\"2022-01-28T10:25:57+00:00\",\"mainEntityOfPage\":{\"@id\":\"https:\\\/\\\/mesopolhis.fr\\\/blog\\\/2021\\\/02\\\/25\\\/laurent-mucchielli-cite-dans-ils-ne-voient-pas-ce-que-nous-on-voit-les-habitants-des-quartiers-nord-de-marseille-sceptiques-avant-la-visite-de-gerald-darmanin\\\/\"},\"wordCount\":73,\"commentCount\":0,\"publisher\":{\"@id\":\"https:\\\/\\\/mesopolhis.fr\\\/#organization\"},\"image\":{\"@id\":\"https:\\\/\\\/mesopolhis.fr\\\/blog\\\/2021\\\/02\\\/25\\\/laurent-mucchielli-cite-dans-ils-ne-voient-pas-ce-que-nous-on-voit-les-habitants-des-quartiers-nord-de-marseille-sceptiques-avant-la-visite-de-gerald-darmanin\\\/#primaryimage\"},\"thumbnailUrl\":\"https:\\\/\\\/mesopolhis.fr\\\/wp-content\\\/uploads\\\/2022\\\/01\\\/01-frinfo.jpg\",\"articleSection\":[\"Axe 6\",\"Dans les m\u00e9dias\"],\"inLanguage\":\"en-GB\"},{\"@type\":\"WebPage\",\"@id\":\"https:\\\/\\\/mesopolhis.fr\\\/blog\\\/2021\\\/02\\\/25\\\/laurent-mucchielli-cite-dans-ils-ne-voient-pas-ce-que-nous-on-voit-les-habitants-des-quartiers-nord-de-marseille-sceptiques-avant-la-visite-de-gerald-darmanin\\\/\",\"url\":\"https:\\\/\\\/mesopolhis.fr\\\/blog\\\/2021\\\/02\\\/25\\\/laurent-mucchielli-cite-dans-ils-ne-voient-pas-ce-que-nous-on-voit-les-habitants-des-quartiers-nord-de-marseille-sceptiques-avant-la-visite-de-gerald-darmanin\\\/\",\"name\":\"Laurent Mucchielli cit\u00e9 dans \u00ab \u201cIls ne voient pas ce que nous on voit\u201d : les habitants des quartiers nord de Marseille sceptiques avant la visite de G\u00e9rald Darmanin \u00bb - Mesopolhis\",\"isPartOf\":{\"@id\":\"https:\\\/\\\/mesopolhis.fr\\\/#website\"},\"primaryImageOfPage\":{\"@id\":\"https:\\\/\\\/mesopolhis.fr\\\/blog\\\/2021\\\/02\\\/25\\\/laurent-mucchielli-cite-dans-ils-ne-voient-pas-ce-que-nous-on-voit-les-habitants-des-quartiers-nord-de-marseille-sceptiques-avant-la-visite-de-gerald-darmanin\\\/#primaryimage\"},\"image\":{\"@id\":\"https:\\\/\\\/mesopolhis.fr\\\/blog\\\/2021\\\/02\\\/25\\\/laurent-mucchielli-cite-dans-ils-ne-voient-pas-ce-que-nous-on-voit-les-habitants-des-quartiers-nord-de-marseille-sceptiques-avant-la-visite-de-gerald-darmanin\\\/#primaryimage\"},\"thumbnailUrl\":\"https:\\\/\\\/mesopolhis.fr\\\/wp-content\\\/uploads\\\/2022\\\/01\\\/01-frinfo.jpg\",\"datePublished\":\"2021-02-25T07:29:00+00:00\",\"dateModified\":\"2022-01-28T10:25:57+00:00\",\"breadcrumb\":{\"@id\":\"https:\\\/\\\/mesopolhis.fr\\\/blog\\\/2021\\\/02\\\/25\\\/laurent-mucchielli-cite-dans-ils-ne-voient-pas-ce-que-nous-on-voit-les-habitants-des-quartiers-nord-de-marseille-sceptiques-avant-la-visite-de-gerald-darmanin\\\/#breadcrumb\"},\"inLanguage\":\"en-GB\",\"potentialAction\":[{\"@type\":\"ReadAction\",\"target\":[\"https:\\\/\\\/mesopolhis.fr\\\/blog\\\/2021\\\/02\\\/25\\\/laurent-mucchielli-cite-dans-ils-ne-voient-pas-ce-que-nous-on-voit-les-habitants-des-quartiers-nord-de-marseille-sceptiques-avant-la-visite-de-gerald-darmanin\\\/\"]}]},{\"@type\":\"ImageObject\",\"inLanguage\":\"en-GB\",\"@id\":\"https:\\\/\\\/mesopolhis.fr\\\/blog\\\/2021\\\/02\\\/25\\\/laurent-mucchielli-cite-dans-ils-ne-voient-pas-ce-que-nous-on-voit-les-habitants-des-quartiers-nord-de-marseille-sceptiques-avant-la-visite-de-gerald-darmanin\\\/#primaryimage\",\"url\":\"https:\\\/\\\/mesopolhis.fr\\\/wp-content\\\/uploads\\\/2022\\\/01\\\/01-frinfo.jpg\",\"contentUrl\":\"https:\\\/\\\/mesopolhis.fr\\\/wp-content\\\/uploads\\\/2022\\\/01\\\/01-frinfo.jpg\",\"width\":524,\"height\":308},{\"@type\":\"BreadcrumbList\",\"@id\":\"https:\\\/\\\/mesopolhis.fr\\\/blog\\\/2021\\\/02\\\/25\\\/laurent-mucchielli-cite-dans-ils-ne-voient-pas-ce-que-nous-on-voit-les-habitants-des-quartiers-nord-de-marseille-sceptiques-avant-la-visite-de-gerald-darmanin\\\/#breadcrumb\",\"itemListElement\":[{\"@type\":\"ListItem\",\"position\":1,\"name\":\"Accueil\",\"item\":\"https:\\\/\\\/mesopolhis.fr\\\/\"},{\"@type\":\"ListItem\",\"position\":2,\"name\":\"Laurent Mucchielli cit\u00e9 dans \u00ab \u201cIls ne voient pas ce que nous on voit\u201d : les habitants des quartiers nord de Marseille sceptiques avant la visite de G\u00e9rald Darmanin \u00bb\"}]},{\"@type\":\"WebSite\",\"@id\":\"https:\\\/\\\/mesopolhis.fr\\\/#website\",\"url\":\"https:\\\/\\\/mesopolhis.fr\\\/\",\"name\":\"Mesopolhis\",\"description\":\"Centre m\u00e9diterran\u00e9en de sociologie, de science politique et d&#039;histoire\",\"publisher\":{\"@id\":\"https:\\\/\\\/mesopolhis.fr\\\/#organization\"},\"potentialAction\":[{\"@type\":\"SearchAction\",\"target\":{\"@type\":\"EntryPoint\",\"urlTemplate\":\"https:\\\/\\\/mesopolhis.fr\\\/?s={search_term_string}\"},\"query-input\":{\"@type\":\"PropertyValueSpecification\",\"valueRequired\":true,\"valueName\":\"search_term_string\"}}],\"inLanguage\":\"en-GB\"},{\"@type\":\"Organization\",\"@id\":\"https:\\\/\\\/mesopolhis.fr\\\/#organization\",\"name\":\"Mesopolhis\",\"url\":\"https:\\\/\\\/mesopolhis.fr\\\/\",\"logo\":{\"@type\":\"ImageObject\",\"inLanguage\":\"en-GB\",\"@id\":\"https:\\\/\\\/mesopolhis.fr\\\/#\\\/schema\\\/logo\\\/image\\\/\",\"url\":\"https:\\\/\\\/mesopolhis.fr\\\/wp-content\\\/uploads\\\/2021\\\/12\\\/Logo_MESOPOLHIS_Quadri.png\",\"contentUrl\":\"https:\\\/\\\/mesopolhis.fr\\\/wp-content\\\/uploads\\\/2021\\\/12\\\/Logo_MESOPOLHIS_Quadri.png\",\"width\":264,\"height\":69,\"caption\":\"Mesopolhis\"},\"image\":{\"@id\":\"https:\\\/\\\/mesopolhis.fr\\\/#\\\/schema\\\/logo\\\/image\\\/\"}},{\"@type\":\"Person\",\"@id\":\"https:\\\/\\\/mesopolhis.fr\\\/#\\\/schema\\\/person\\\/a06d16012fef25a2b5ba2cb1f6550fb8\",\"name\":\"benoit\",\"image\":{\"@type\":\"ImageObject\",\"inLanguage\":\"en-GB\",\"@id\":\"https:\\\/\\\/secure.gravatar.com\\\/avatar\\\/d29bc3142d10f6317c9c56f80b590e6edd64d2f9415f0312cab15921cc3a3d9c?s=96&d=mm&r=g\",\"url\":\"https:\\\/\\\/secure.gravatar.com\\\/avatar\\\/d29bc3142d10f6317c9c56f80b590e6edd64d2f9415f0312cab15921cc3a3d9c?s=96&d=mm&r=g\",\"contentUrl\":\"https:\\\/\\\/secure.gravatar.com\\\/avatar\\\/d29bc3142d10f6317c9c56f80b590e6edd64d2f9415f0312cab15921cc3a3d9c?s=96&d=mm&r=g\",\"caption\":\"benoit\"},\"url\":\"https:\\\/\\\/mesopolhis.fr\\\/en\\\/blog\\\/author\\\/benoit\\\/\"}]}<\/script>\n<!-- \/ Yoast SEO plugin. -->","yoast_head_json":{"title":"Laurent Mucchielli quoted in \"They don't see what we see\": residents of Marseille's northern neighbourhoods sceptical ahead of G\u00e9rald Darmanin's visit\" - Mesopolhis","robots":{"index":"index","follow":"follow","max-snippet":"max-snippet:-1","max-image-preview":"max-image-preview:large","max-video-preview":"max-video-preview:-1"},"canonical":"https:\/\/mesopolhis.fr\/en\/blog\/2021\/02\/25\/laurent-mucchielli-quoted-in-ils-ne-voient-pas-ce-que-nous-on-voit-residents-of-marseilles-northern-neighbourhoods-sceptical-ahead-of-gerald-darmanins-visit\/","og_locale":"en_GB","og_type":"article","og_title":"Laurent Mucchielli cit\u00e9 dans \u00ab \u201cIls ne voient pas ce que nous on voit\u201d : les habitants des quartiers nord de Marseille sceptiques avant la visite de G\u00e9rald Darmanin \u00bb - Mesopolhis","og_description":"FranceInfo, 25 f\u00e9vrier 2021en ligne \u00ab\u00a0Le ministre de l\u2019Int\u00e9rieur se rend dans la cit\u00e9 phoc\u00e9enne jeudi. Un d\u00e9placement qui n\u2019est pas jug\u00e9 tr\u00e8s utile par les habitants des quartiers populaires, habitu\u00e9s aux visites officielles sans r\u00e9sultats concrets.\u00a0\u00bb &#8230;","og_url":"https:\/\/mesopolhis.fr\/en\/blog\/2021\/02\/25\/laurent-mucchielli-quoted-in-ils-ne-voient-pas-ce-que-nous-on-voit-residents-of-marseilles-northern-neighbourhoods-sceptical-ahead-of-gerald-darmanins-visit\/","og_site_name":"Mesopolhis","article_published_time":"2021-02-25T07:29:00+00:00","article_modified_time":"2022-01-28T10:25:57+00:00","og_image":[{"width":524,"height":308,"url":"https:\/\/mesopolhis.fr\/wp-content\/uploads\/2022\/01\/01-frinfo.jpg","type":"image\/jpeg"}],"author":"benoit","twitter_card":"summary_large_image","twitter_misc":{"Written by":"benoit","Estimated reading time":"1 minute"},"schema":{"@context":"https:\/\/schema.org","@graph":[{"@type":"Article","@id":"https:\/\/mesopolhis.fr\/blog\/2021\/02\/25\/laurent-mucchielli-cite-dans-ils-ne-voient-pas-ce-que-nous-on-voit-les-habitants-des-quartiers-nord-de-marseille-sceptiques-avant-la-visite-de-gerald-darmanin\/#article","isPartOf":{"@id":"https:\/\/mesopolhis.fr\/blog\/2021\/02\/25\/laurent-mucchielli-cite-dans-ils-ne-voient-pas-ce-que-nous-on-voit-les-habitants-des-quartiers-nord-de-marseille-sceptiques-avant-la-visite-de-gerald-darmanin\/"},"author":{"name":"benoit","@id":"https:\/\/mesopolhis.fr\/#\/schema\/person\/a06d16012fef25a2b5ba2cb1f6550fb8"},"headline":"Laurent Mucchielli cit\u00e9 dans \u00ab \u201cIls ne voient pas ce que nous on voit\u201d : les habitants des quartiers nord de Marseille sceptiques avant la visite de G\u00e9rald Darmanin \u00bb","datePublished":"2021-02-25T07:29:00+00:00","dateModified":"2022-01-28T10:25:57+00:00","mainEntityOfPage":{"@id":"https:\/\/mesopolhis.fr\/blog\/2021\/02\/25\/laurent-mucchielli-cite-dans-ils-ne-voient-pas-ce-que-nous-on-voit-les-habitants-des-quartiers-nord-de-marseille-sceptiques-avant-la-visite-de-gerald-darmanin\/"},"wordCount":73,"commentCount":0,"publisher":{"@id":"https:\/\/mesopolhis.fr\/#organization"},"image":{"@id":"https:\/\/mesopolhis.fr\/blog\/2021\/02\/25\/laurent-mucchielli-cite-dans-ils-ne-voient-pas-ce-que-nous-on-voit-les-habitants-des-quartiers-nord-de-marseille-sceptiques-avant-la-visite-de-gerald-darmanin\/#primaryimage"},"thumbnailUrl":"https:\/\/mesopolhis.fr\/wp-content\/uploads\/2022\/01\/01-frinfo.jpg","articleSection":["Axe 6","Dans les m\u00e9dias"],"inLanguage":"en-GB"},{"@type":"WebPage","@id":"https:\/\/mesopolhis.fr\/blog\/2021\/02\/25\/laurent-mucchielli-cite-dans-ils-ne-voient-pas-ce-que-nous-on-voit-les-habitants-des-quartiers-nord-de-marseille-sceptiques-avant-la-visite-de-gerald-darmanin\/","url":"https:\/\/mesopolhis.fr\/blog\/2021\/02\/25\/laurent-mucchielli-cite-dans-ils-ne-voient-pas-ce-que-nous-on-voit-les-habitants-des-quartiers-nord-de-marseille-sceptiques-avant-la-visite-de-gerald-darmanin\/","name":"Laurent Mucchielli quoted in \"They don't see what we see\": residents of Marseille's northern neighbourhoods sceptical ahead of G\u00e9rald Darmanin's visit\" - Mesopolhis","isPartOf":{"@id":"https:\/\/mesopolhis.fr\/#website"},"primaryImageOfPage":{"@id":"https:\/\/mesopolhis.fr\/blog\/2021\/02\/25\/laurent-mucchielli-cite-dans-ils-ne-voient-pas-ce-que-nous-on-voit-les-habitants-des-quartiers-nord-de-marseille-sceptiques-avant-la-visite-de-gerald-darmanin\/#primaryimage"},"image":{"@id":"https:\/\/mesopolhis.fr\/blog\/2021\/02\/25\/laurent-mucchielli-cite-dans-ils-ne-voient-pas-ce-que-nous-on-voit-les-habitants-des-quartiers-nord-de-marseille-sceptiques-avant-la-visite-de-gerald-darmanin\/#primaryimage"},"thumbnailUrl":"https:\/\/mesopolhis.fr\/wp-content\/uploads\/2022\/01\/01-frinfo.jpg","datePublished":"2021-02-25T07:29:00+00:00","dateModified":"2022-01-28T10:25:57+00:00","breadcrumb":{"@id":"https:\/\/mesopolhis.fr\/blog\/2021\/02\/25\/laurent-mucchielli-cite-dans-ils-ne-voient-pas-ce-que-nous-on-voit-les-habitants-des-quartiers-nord-de-marseille-sceptiques-avant-la-visite-de-gerald-darmanin\/#breadcrumb"},"inLanguage":"en-GB","potentialAction":[{"@type":"ReadAction","target":["https:\/\/mesopolhis.fr\/blog\/2021\/02\/25\/laurent-mucchielli-cite-dans-ils-ne-voient-pas-ce-que-nous-on-voit-les-habitants-des-quartiers-nord-de-marseille-sceptiques-avant-la-visite-de-gerald-darmanin\/"]}]},{"@type":"ImageObject","inLanguage":"en-GB","@id":"https:\/\/mesopolhis.fr\/blog\/2021\/02\/25\/laurent-mucchielli-cite-dans-ils-ne-voient-pas-ce-que-nous-on-voit-les-habitants-des-quartiers-nord-de-marseille-sceptiques-avant-la-visite-de-gerald-darmanin\/#primaryimage","url":"https:\/\/mesopolhis.fr\/wp-content\/uploads\/2022\/01\/01-frinfo.jpg","contentUrl":"https:\/\/mesopolhis.fr\/wp-content\/uploads\/2022\/01\/01-frinfo.jpg","width":524,"height":308},{"@type":"BreadcrumbList","@id":"https:\/\/mesopolhis.fr\/blog\/2021\/02\/25\/laurent-mucchielli-cite-dans-ils-ne-voient-pas-ce-que-nous-on-voit-les-habitants-des-quartiers-nord-de-marseille-sceptiques-avant-la-visite-de-gerald-darmanin\/#breadcrumb","itemListElement":[{"@type":"ListItem","position":1,"name":"Accueil","item":"https:\/\/mesopolhis.fr\/"},{"@type":"ListItem","position":2,"name":"Laurent Mucchielli cit\u00e9 dans \u00ab \u201cIls ne voient pas ce que nous on voit\u201d : les habitants des quartiers nord de Marseille sceptiques avant la visite de G\u00e9rald Darmanin \u00bb"}]},{"@type":"WebSite","@id":"https:\/\/mesopolhis.fr\/#website","url":"https:\/\/mesopolhis.fr\/","name":"Mesopolhis","description":"Mediterranean Centre for Sociology, Political Science and History","publisher":{"@id":"https:\/\/mesopolhis.fr\/#organization"},"potentialAction":[{"@type":"SearchAction","target":{"@type":"EntryPoint","urlTemplate":"https:\/\/mesopolhis.fr\/?s={search_term_string}"},"query-input":{"@type":"PropertyValueSpecification","valueRequired":true,"valueName":"search_term_string"}}],"inLanguage":"en-GB"},{"@type":"Organization","@id":"https:\/\/mesopolhis.fr\/#organization","name":"Mesopolhis","url":"https:\/\/mesopolhis.fr\/","logo":{"@type":"ImageObject","inLanguage":"en-GB","@id":"https:\/\/mesopolhis.fr\/#\/schema\/logo\/image\/","url":"https:\/\/mesopolhis.fr\/wp-content\/uploads\/2021\/12\/Logo_MESOPOLHIS_Quadri.png","contentUrl":"https:\/\/mesopolhis.fr\/wp-content\/uploads\/2021\/12\/Logo_MESOPOLHIS_Quadri.png","width":264,"height":69,"caption":"Mesopolhis"},"image":{"@id":"https:\/\/mesopolhis.fr\/#\/schema\/logo\/image\/"}},{"@type":"Person","@id":"https:\/\/mesopolhis.fr\/#\/schema\/person\/a06d16012fef25a2b5ba2cb1f6550fb8","name":"benoit","image":{"@type":"ImageObject","inLanguage":"en-GB","@id":"https:\/\/secure.gravatar.com\/avatar\/d29bc3142d10f6317c9c56f80b590e6edd64d2f9415f0312cab15921cc3a3d9c?s=96&d=mm&r=g","url":"https:\/\/secure.gravatar.com\/avatar\/d29bc3142d10f6317c9c56f80b590e6edd64d2f9415f0312cab15921cc3a3d9c?s=96&d=mm&r=g","contentUrl":"https:\/\/secure.gravatar.com\/avatar\/d29bc3142d10f6317c9c56f80b590e6edd64d2f9415f0312cab15921cc3a3d9c?s=96&d=mm&r=g","caption":"benoit"},"url":"https:\/\/mesopolhis.fr\/en\/blog\/author\/benoit\/"}]}},"_links":{"self":[{"href":"https:\/\/mesopolhis.fr\/en\/wp-json\/wp\/v2\/posts\/762","targetHints":{"allow":["GET"]}}],"collection":[{"href":"https:\/\/mesopolhis.fr\/en\/wp-json\/wp\/v2\/posts"}],"about":[{"href":"https:\/\/mesopolhis.fr\/en\/wp-json\/wp\/v2\/types\/post"}],"author":[{"embeddable":true,"href":"https:\/\/mesopolhis.fr\/en\/wp-json\/wp\/v2\/users\/1"}],"replies":[{"embeddable":true,"href":"https:\/\/mesopolhis.fr\/en\/wp-json\/wp\/v2\/comments?post=762"}],"version-history":[{"count":0,"href":"https:\/\/mesopolhis.fr\/en\/wp-json\/wp\/v2\/posts\/762\/revisions"}],"wp:featuredmedia":[{"embeddable":true,"href":"https:\/\/mesopolhis.fr\/en\/wp-json\/wp\/v2\/media\/713"}],"wp:attachment":[{"href":"https:\/\/mesopolhis.fr\/en\/wp-json\/wp\/v2\/media?parent=762"}],"wp:term":[{"taxonomy":"category","embeddable":true,"href":"https:\/\/mesopolhis.fr\/en\/wp-json\/wp\/v2\/categories?post=762"},{"taxonomy":"post_tag","embeddable":true,"href":"https:\/\/mesopolhis.fr\/en\/wp-json\/wp\/v2\/tags?post=762"}],"curies":[{"name":"wp","href":"https:\/\/api.w.org\/{rel}","templated":true}]}}