{"id":34367,"date":"2024-03-15T16:12:05","date_gmt":"2024-03-15T15:12:05","guid":{"rendered":"https:\/\/mesopolhis.fr\/?p=34367"},"modified":"2024-03-18T10:01:39","modified_gmt":"2024-03-18T09:01:39","slug":"the-role-of-victims-in-climate-trials-expert-testimonies-and-summaries","status":"publish","type":"post","link":"https:\/\/mesopolhis.fr\/en\/blog\/2024\/03\/15\/the-role-of-victims-in-climate-trials-expert-testimonies-and-summaries\/","title":{"rendered":"What role do victims play in climate trials? Testimonies and expert formalisations"},"content":{"rendered":"<p><strong>Feature in the latest issue of&nbsp;<em>Ecological thinking,&nbsp;<\/em><a href=\"https:\/\/www-cairn-info.lama.univ-amu.fr\/revue-la-pensee-ecologique-2023-1.htm\" target=\"_blank\" rel=\"noreferrer noopener\">2023\/1 (N\u00b0 10)<\/a><\/strong>, p.1-3<\/p>\n\n\n\n<p>A Mesopolhis and ANR PROCLIMEX project study day, organised in May 2022, led to the publication of a dossier in the latest issue of&nbsp;<em>Ecological thinking<\/em>What place for victims in climate trials? Testimonies and expert formalisations\".&nbsp;&nbsp;&nbsp;<\/p>\n\n\n\n<div class=\"wp-block-buttons is-content-justification-center is-layout-flex wp-container-core-buttons-is-layout-16018d1d wp-block-buttons-is-layout-flex\">\n<div class=\"wp-block-button\"><a class=\"wp-block-button__link has-text-align-center wp-element-button\" href=\"https:\/\/www.cairn.info\/tap-cwustptkcll73\" target=\"_blank\" rel=\"noreferrer noopener\">Read<\/a><\/div>\n<\/div>\n\n\n\n<div style=\"height:24px\" aria-hidden=\"true\" class=\"wp-block-spacer\"><\/div>\n\n\n\n<p>Christophe Traini, a member of Mesopolhis, edited this dossier and wrote one of the three articles in it: \"Climate struggles, the victim register and multi-sector mobilisations\".&nbsp;<\/p>\n\n\n\n<div style=\"height:24px\" aria-hidden=\"true\" class=\"wp-block-spacer\"><\/div>\n\n\n\n<div class=\"wp-block-buttons is-content-justification-center is-layout-flex wp-container-core-buttons-is-layout-16018d1d wp-block-buttons-is-layout-flex\">\n<div class=\"wp-block-button\"><a class=\"wp-block-button__link wp-element-button\" href=\"https:\/\/www.cairn.info\/tap-qy6wtdh67qnrz\" target=\"_blank\" rel=\"noreferrer noopener\">Read<\/a><\/div>\n<\/div>\n\n\n\n<div style=\"height:24px\" aria-hidden=\"true\" class=\"wp-block-spacer\"><\/div>\n\n\n\n<figure class=\"wp-block-image size-full\"><img loading=\"lazy\" decoding=\"async\" width=\"790\" height=\"286\" src=\"https:\/\/mesopolhis.fr\/wp-content\/uploads\/2024\/03\/thumbnail_A06DwILXQg75HYiF.png\" alt=\"\" class=\"wp-image-34369\" srcset=\"https:\/\/mesopolhis.fr\/wp-content\/uploads\/2024\/03\/thumbnail_A06DwILXQg75HYiF.png 790w, https:\/\/mesopolhis.fr\/wp-content\/uploads\/2024\/03\/thumbnail_A06DwILXQg75HYiF-300x109.png 300w, https:\/\/mesopolhis.fr\/wp-content\/uploads\/2024\/03\/thumbnail_A06DwILXQg75HYiF-768x278.png 768w\" sizes=\"auto, (max-width: 790px) 100vw, 790px\" \/><\/figure>\n\n\n\n<div style=\"height:30px\" aria-hidden=\"true\" class=\"wp-block-spacer\"><\/div>","protected":false},"excerpt":{"rendered":"<p>Dossier in the latest issue of La Pens\u00e9e \u00e9cologique, 2023\/1 (No. 10), p.1-3 A Mesopolhis and ANR PROCLIMEX project study day, organised in May 2022, led to the publication of a dossier in the latest issue of La Pens\u00e9e \u00e9cologique: \"What place for victims in climate trials? Testimonies and expert formalisations\". Christophe TRA\u00cfNI , member of Mesopolhis,...<\/p>","protected":false},"author":319,"featured_media":34368,"comment_status":"closed","ping_status":"closed","sticky":false,"template":"","format":"standard","meta":{"_acf_changed":false,"inline_featured_image":false,"footnotes":""},"categories":[55],"tags":[59],"class_list":["post-34367","post","type-post","status-publish","format-standard","has-post-thumbnail","hentry","category-article","tag-a-la-une"],"acf":[],"yoast_head":"<!-- This site is optimized with the Yoast SEO plugin v27.5 - https:\/\/yoast.com\/product\/yoast-seo-wordpress\/ -->\n<title>Quelles places pour les victimes dans les proc\u00e8s climatiques ? T\u00e9moignages et formalisations expertes - Mesopolhis<\/title>\n<meta name=\"robots\" content=\"index, follow, max-snippet:-1, max-image-preview:large, max-video-preview:-1\" \/>\n<link rel=\"canonical\" href=\"https:\/\/mesopolhis.fr\/en\/blog\/2024\/03\/15\/the-role-of-victims-in-climate-trials-expert-testimonies-and-summaries\/\" \/>\n<meta property=\"og:locale\" content=\"en_GB\" \/>\n<meta property=\"og:type\" content=\"article\" \/>\n<meta property=\"og:title\" content=\"Quelles places pour les victimes dans les proc\u00e8s climatiques ? T\u00e9moignages et formalisations expertes - Mesopolhis\" \/>\n<meta property=\"og:description\" content=\"Dossier dans le dernier num\u00e9ro de&nbsp;La Pens\u00e9e \u00e9cologique,&nbsp;2023\/1 (N\u00b0&nbsp;10), p.1-3 Une journ\u00e9e d&rsquo;\u00e9tude Mesopolhis et projet ANR PROCLIMEX, organis\u00e9e en mai 2022, a d\u00e9bouch\u00e9 sur la publication d&rsquo;un dossier dans le dernier num\u00e9ro de&nbsp;La Pens\u00e9e \u00e9cologique: \u00ab\u00a0Quelles places pour les victimes dans les proc\u00e8s climatiques? T\u00e9moignages et formalisations expertes\u00a0\u00bb&nbsp;&nbsp;&nbsp; Christophe TRA\u00cfNI , membre du Mesopolhis,&hellip;\" \/>\n<meta property=\"og:url\" content=\"https:\/\/mesopolhis.fr\/en\/blog\/2024\/03\/15\/the-role-of-victims-in-climate-trials-expert-testimonies-and-summaries\/\" \/>\n<meta property=\"og:site_name\" content=\"Mesopolhis\" \/>\n<meta property=\"article:published_time\" content=\"2024-03-15T15:12:05+00:00\" \/>\n<meta property=\"article:modified_time\" content=\"2024-03-18T09:01:39+00:00\" \/>\n<meta property=\"og:image\" content=\"https:\/\/mesopolhis.fr\/wp-content\/uploads\/2024\/03\/LPE_010.jpg\" \/>\n\t<meta property=\"og:image:width\" content=\"204\" \/>\n\t<meta property=\"og:image:height\" content=\"310\" \/>\n\t<meta property=\"og:image:type\" content=\"image\/jpeg\" \/>\n<meta name=\"author\" content=\"msebah\" \/>\n<meta name=\"twitter:card\" content=\"summary_large_image\" \/>\n<meta name=\"twitter:label1\" content=\"Written by\" \/>\n\t<meta name=\"twitter:data1\" content=\"msebah\" \/>\n\t<meta name=\"twitter:label2\" content=\"Estimated reading time\" \/>\n\t<meta name=\"twitter:data2\" content=\"1 minute\" \/>\n<script type=\"application\/ld+json\" class=\"yoast-schema-graph\">{\"@context\":\"https:\\\/\\\/schema.org\",\"@graph\":[{\"@type\":\"Article\",\"@id\":\"https:\\\/\\\/mesopolhis.fr\\\/blog\\\/2024\\\/03\\\/15\\\/quelles-places-pour-les-victimes-dans-les-proces-climatiques-temoignages-et-formalisations-expertes\\\/#article\",\"isPartOf\":{\"@id\":\"https:\\\/\\\/mesopolhis.fr\\\/blog\\\/2024\\\/03\\\/15\\\/quelles-places-pour-les-victimes-dans-les-proces-climatiques-temoignages-et-formalisations-expertes\\\/\"},\"author\":{\"name\":\"msebah\",\"@id\":\"https:\\\/\\\/mesopolhis.fr\\\/#\\\/schema\\\/person\\\/1ef032df43400e0a8d3c69cfcc8cc8d1\"},\"headline\":\"Quelles places pour les victimes dans les proc\u00e8s climatiques ? T\u00e9moignages et formalisations expertes\",\"datePublished\":\"2024-03-15T15:12:05+00:00\",\"dateModified\":\"2024-03-18T09:01:39+00:00\",\"mainEntityOfPage\":{\"@id\":\"https:\\\/\\\/mesopolhis.fr\\\/blog\\\/2024\\\/03\\\/15\\\/quelles-places-pour-les-victimes-dans-les-proces-climatiques-temoignages-et-formalisations-expertes\\\/\"},\"wordCount\":115,\"publisher\":{\"@id\":\"https:\\\/\\\/mesopolhis.fr\\\/#organization\"},\"image\":{\"@id\":\"https:\\\/\\\/mesopolhis.fr\\\/blog\\\/2024\\\/03\\\/15\\\/quelles-places-pour-les-victimes-dans-les-proces-climatiques-temoignages-et-formalisations-expertes\\\/#primaryimage\"},\"thumbnailUrl\":\"https:\\\/\\\/mesopolhis.fr\\\/wp-content\\\/uploads\\\/2024\\\/03\\\/LPE_010.jpg\",\"keywords\":[\"A la une\"],\"articleSection\":[\"Article\"],\"inLanguage\":\"en-GB\"},{\"@type\":\"WebPage\",\"@id\":\"https:\\\/\\\/mesopolhis.fr\\\/blog\\\/2024\\\/03\\\/15\\\/quelles-places-pour-les-victimes-dans-les-proces-climatiques-temoignages-et-formalisations-expertes\\\/\",\"url\":\"https:\\\/\\\/mesopolhis.fr\\\/blog\\\/2024\\\/03\\\/15\\\/quelles-places-pour-les-victimes-dans-les-proces-climatiques-temoignages-et-formalisations-expertes\\\/\",\"name\":\"Quelles places pour les victimes dans les proc\u00e8s climatiques ? T\u00e9moignages et formalisations expertes - Mesopolhis\",\"isPartOf\":{\"@id\":\"https:\\\/\\\/mesopolhis.fr\\\/#website\"},\"primaryImageOfPage\":{\"@id\":\"https:\\\/\\\/mesopolhis.fr\\\/blog\\\/2024\\\/03\\\/15\\\/quelles-places-pour-les-victimes-dans-les-proces-climatiques-temoignages-et-formalisations-expertes\\\/#primaryimage\"},\"image\":{\"@id\":\"https:\\\/\\\/mesopolhis.fr\\\/blog\\\/2024\\\/03\\\/15\\\/quelles-places-pour-les-victimes-dans-les-proces-climatiques-temoignages-et-formalisations-expertes\\\/#primaryimage\"},\"thumbnailUrl\":\"https:\\\/\\\/mesopolhis.fr\\\/wp-content\\\/uploads\\\/2024\\\/03\\\/LPE_010.jpg\",\"datePublished\":\"2024-03-15T15:12:05+00:00\",\"dateModified\":\"2024-03-18T09:01:39+00:00\",\"breadcrumb\":{\"@id\":\"https:\\\/\\\/mesopolhis.fr\\\/blog\\\/2024\\\/03\\\/15\\\/quelles-places-pour-les-victimes-dans-les-proces-climatiques-temoignages-et-formalisations-expertes\\\/#breadcrumb\"},\"inLanguage\":\"en-GB\",\"potentialAction\":[{\"@type\":\"ReadAction\",\"target\":[\"https:\\\/\\\/mesopolhis.fr\\\/blog\\\/2024\\\/03\\\/15\\\/quelles-places-pour-les-victimes-dans-les-proces-climatiques-temoignages-et-formalisations-expertes\\\/\"]}]},{\"@type\":\"ImageObject\",\"inLanguage\":\"en-GB\",\"@id\":\"https:\\\/\\\/mesopolhis.fr\\\/blog\\\/2024\\\/03\\\/15\\\/quelles-places-pour-les-victimes-dans-les-proces-climatiques-temoignages-et-formalisations-expertes\\\/#primaryimage\",\"url\":\"https:\\\/\\\/mesopolhis.fr\\\/wp-content\\\/uploads\\\/2024\\\/03\\\/LPE_010.jpg\",\"contentUrl\":\"https:\\\/\\\/mesopolhis.fr\\\/wp-content\\\/uploads\\\/2024\\\/03\\\/LPE_010.jpg\",\"width\":204,\"height\":310},{\"@type\":\"BreadcrumbList\",\"@id\":\"https:\\\/\\\/mesopolhis.fr\\\/blog\\\/2024\\\/03\\\/15\\\/quelles-places-pour-les-victimes-dans-les-proces-climatiques-temoignages-et-formalisations-expertes\\\/#breadcrumb\",\"itemListElement\":[{\"@type\":\"ListItem\",\"position\":1,\"name\":\"Accueil\",\"item\":\"https:\\\/\\\/mesopolhis.fr\\\/\"},{\"@type\":\"ListItem\",\"position\":2,\"name\":\"Quelles places pour les victimes dans les proc\u00e8s climatiques ? T\u00e9moignages et formalisations expertes\"}]},{\"@type\":\"WebSite\",\"@id\":\"https:\\\/\\\/mesopolhis.fr\\\/#website\",\"url\":\"https:\\\/\\\/mesopolhis.fr\\\/\",\"name\":\"Mesopolhis\",\"description\":\"Centre m\u00e9diterran\u00e9en de sociologie, de science politique et d&#039;histoire\",\"publisher\":{\"@id\":\"https:\\\/\\\/mesopolhis.fr\\\/#organization\"},\"potentialAction\":[{\"@type\":\"SearchAction\",\"target\":{\"@type\":\"EntryPoint\",\"urlTemplate\":\"https:\\\/\\\/mesopolhis.fr\\\/?s={search_term_string}\"},\"query-input\":{\"@type\":\"PropertyValueSpecification\",\"valueRequired\":true,\"valueName\":\"search_term_string\"}}],\"inLanguage\":\"en-GB\"},{\"@type\":\"Organization\",\"@id\":\"https:\\\/\\\/mesopolhis.fr\\\/#organization\",\"name\":\"Mesopolhis\",\"url\":\"https:\\\/\\\/mesopolhis.fr\\\/\",\"logo\":{\"@type\":\"ImageObject\",\"inLanguage\":\"en-GB\",\"@id\":\"https:\\\/\\\/mesopolhis.fr\\\/#\\\/schema\\\/logo\\\/image\\\/\",\"url\":\"https:\\\/\\\/mesopolhis.fr\\\/wp-content\\\/uploads\\\/2021\\\/12\\\/Logo_MESOPOLHIS_Quadri.png\",\"contentUrl\":\"https:\\\/\\\/mesopolhis.fr\\\/wp-content\\\/uploads\\\/2021\\\/12\\\/Logo_MESOPOLHIS_Quadri.png\",\"width\":264,\"height\":69,\"caption\":\"Mesopolhis\"},\"image\":{\"@id\":\"https:\\\/\\\/mesopolhis.fr\\\/#\\\/schema\\\/logo\\\/image\\\/\"}},{\"@type\":\"Person\",\"@id\":\"https:\\\/\\\/mesopolhis.fr\\\/#\\\/schema\\\/person\\\/1ef032df43400e0a8d3c69cfcc8cc8d1\",\"name\":\"msebah\",\"image\":{\"@type\":\"ImageObject\",\"inLanguage\":\"en-GB\",\"@id\":\"https:\\\/\\\/secure.gravatar.com\\\/avatar\\\/1786ae482ddc8e457b6e8681f995f4090a075d2acc19dcec8b56996e785a21d1?s=96&d=mm&r=g\",\"url\":\"https:\\\/\\\/secure.gravatar.com\\\/avatar\\\/1786ae482ddc8e457b6e8681f995f4090a075d2acc19dcec8b56996e785a21d1?s=96&d=mm&r=g\",\"contentUrl\":\"https:\\\/\\\/secure.gravatar.com\\\/avatar\\\/1786ae482ddc8e457b6e8681f995f4090a075d2acc19dcec8b56996e785a21d1?s=96&d=mm&r=g\",\"caption\":\"msebah\"},\"url\":\"https:\\\/\\\/mesopolhis.fr\\\/en\\\/blog\\\/author\\\/msebah\\\/\"}]}<\/script>\n<!-- \/ Yoast SEO plugin. -->","yoast_head_json":{"title":"What role do victims play in climate trials? Testimonies and expert formalisations - Mesopolhis","robots":{"index":"index","follow":"follow","max-snippet":"max-snippet:-1","max-image-preview":"max-image-preview:large","max-video-preview":"max-video-preview:-1"},"canonical":"https:\/\/mesopolhis.fr\/en\/blog\/2024\/03\/15\/the-role-of-victims-in-climate-trials-expert-testimonies-and-summaries\/","og_locale":"en_GB","og_type":"article","og_title":"Quelles places pour les victimes dans les proc\u00e8s climatiques ? T\u00e9moignages et formalisations expertes - Mesopolhis","og_description":"Dossier dans le dernier num\u00e9ro de&nbsp;La Pens\u00e9e \u00e9cologique,&nbsp;2023\/1 (N\u00b0&nbsp;10), p.1-3 Une journ\u00e9e d&rsquo;\u00e9tude Mesopolhis et projet ANR PROCLIMEX, organis\u00e9e en mai 2022, a d\u00e9bouch\u00e9 sur la publication d&rsquo;un dossier dans le dernier num\u00e9ro de&nbsp;La Pens\u00e9e \u00e9cologique: \u00ab\u00a0Quelles places pour les victimes dans les proc\u00e8s climatiques? T\u00e9moignages et formalisations expertes\u00a0\u00bb&nbsp;&nbsp;&nbsp; Christophe TRA\u00cfNI , membre du Mesopolhis,&hellip;","og_url":"https:\/\/mesopolhis.fr\/en\/blog\/2024\/03\/15\/the-role-of-victims-in-climate-trials-expert-testimonies-and-summaries\/","og_site_name":"Mesopolhis","article_published_time":"2024-03-15T15:12:05+00:00","article_modified_time":"2024-03-18T09:01:39+00:00","og_image":[{"width":204,"height":310,"url":"https:\/\/mesopolhis.fr\/wp-content\/uploads\/2024\/03\/LPE_010.jpg","type":"image\/jpeg"}],"author":"msebah","twitter_card":"summary_large_image","twitter_misc":{"Written by":"msebah","Estimated reading time":"1 minute"},"schema":{"@context":"https:\/\/schema.org","@graph":[{"@type":"Article","@id":"https:\/\/mesopolhis.fr\/blog\/2024\/03\/15\/quelles-places-pour-les-victimes-dans-les-proces-climatiques-temoignages-et-formalisations-expertes\/#article","isPartOf":{"@id":"https:\/\/mesopolhis.fr\/blog\/2024\/03\/15\/quelles-places-pour-les-victimes-dans-les-proces-climatiques-temoignages-et-formalisations-expertes\/"},"author":{"name":"msebah","@id":"https:\/\/mesopolhis.fr\/#\/schema\/person\/1ef032df43400e0a8d3c69cfcc8cc8d1"},"headline":"Quelles places pour les victimes dans les proc\u00e8s climatiques ? T\u00e9moignages et formalisations expertes","datePublished":"2024-03-15T15:12:05+00:00","dateModified":"2024-03-18T09:01:39+00:00","mainEntityOfPage":{"@id":"https:\/\/mesopolhis.fr\/blog\/2024\/03\/15\/quelles-places-pour-les-victimes-dans-les-proces-climatiques-temoignages-et-formalisations-expertes\/"},"wordCount":115,"publisher":{"@id":"https:\/\/mesopolhis.fr\/#organization"},"image":{"@id":"https:\/\/mesopolhis.fr\/blog\/2024\/03\/15\/quelles-places-pour-les-victimes-dans-les-proces-climatiques-temoignages-et-formalisations-expertes\/#primaryimage"},"thumbnailUrl":"https:\/\/mesopolhis.fr\/wp-content\/uploads\/2024\/03\/LPE_010.jpg","keywords":["A la une"],"articleSection":["Article"],"inLanguage":"en-GB"},{"@type":"WebPage","@id":"https:\/\/mesopolhis.fr\/blog\/2024\/03\/15\/quelles-places-pour-les-victimes-dans-les-proces-climatiques-temoignages-et-formalisations-expertes\/","url":"https:\/\/mesopolhis.fr\/blog\/2024\/03\/15\/quelles-places-pour-les-victimes-dans-les-proces-climatiques-temoignages-et-formalisations-expertes\/","name":"What role do victims play in climate trials? Testimonies and expert formalisations - Mesopolhis","isPartOf":{"@id":"https:\/\/mesopolhis.fr\/#website"},"primaryImageOfPage":{"@id":"https:\/\/mesopolhis.fr\/blog\/2024\/03\/15\/quelles-places-pour-les-victimes-dans-les-proces-climatiques-temoignages-et-formalisations-expertes\/#primaryimage"},"image":{"@id":"https:\/\/mesopolhis.fr\/blog\/2024\/03\/15\/quelles-places-pour-les-victimes-dans-les-proces-climatiques-temoignages-et-formalisations-expertes\/#primaryimage"},"thumbnailUrl":"https:\/\/mesopolhis.fr\/wp-content\/uploads\/2024\/03\/LPE_010.jpg","datePublished":"2024-03-15T15:12:05+00:00","dateModified":"2024-03-18T09:01:39+00:00","breadcrumb":{"@id":"https:\/\/mesopolhis.fr\/blog\/2024\/03\/15\/quelles-places-pour-les-victimes-dans-les-proces-climatiques-temoignages-et-formalisations-expertes\/#breadcrumb"},"inLanguage":"en-GB","potentialAction":[{"@type":"ReadAction","target":["https:\/\/mesopolhis.fr\/blog\/2024\/03\/15\/quelles-places-pour-les-victimes-dans-les-proces-climatiques-temoignages-et-formalisations-expertes\/"]}]},{"@type":"ImageObject","inLanguage":"en-GB","@id":"https:\/\/mesopolhis.fr\/blog\/2024\/03\/15\/quelles-places-pour-les-victimes-dans-les-proces-climatiques-temoignages-et-formalisations-expertes\/#primaryimage","url":"https:\/\/mesopolhis.fr\/wp-content\/uploads\/2024\/03\/LPE_010.jpg","contentUrl":"https:\/\/mesopolhis.fr\/wp-content\/uploads\/2024\/03\/LPE_010.jpg","width":204,"height":310},{"@type":"BreadcrumbList","@id":"https:\/\/mesopolhis.fr\/blog\/2024\/03\/15\/quelles-places-pour-les-victimes-dans-les-proces-climatiques-temoignages-et-formalisations-expertes\/#breadcrumb","itemListElement":[{"@type":"ListItem","position":1,"name":"Accueil","item":"https:\/\/mesopolhis.fr\/"},{"@type":"ListItem","position":2,"name":"Quelles places pour les victimes dans les proc\u00e8s climatiques ? T\u00e9moignages et formalisations expertes"}]},{"@type":"WebSite","@id":"https:\/\/mesopolhis.fr\/#website","url":"https:\/\/mesopolhis.fr\/","name":"Mesopolhis","description":"Mediterranean Centre for Sociology, Political Science and History","publisher":{"@id":"https:\/\/mesopolhis.fr\/#organization"},"potentialAction":[{"@type":"SearchAction","target":{"@type":"EntryPoint","urlTemplate":"https:\/\/mesopolhis.fr\/?s={search_term_string}"},"query-input":{"@type":"PropertyValueSpecification","valueRequired":true,"valueName":"search_term_string"}}],"inLanguage":"en-GB"},{"@type":"Organization","@id":"https:\/\/mesopolhis.fr\/#organization","name":"Mesopolhis","url":"https:\/\/mesopolhis.fr\/","logo":{"@type":"ImageObject","inLanguage":"en-GB","@id":"https:\/\/mesopolhis.fr\/#\/schema\/logo\/image\/","url":"https:\/\/mesopolhis.fr\/wp-content\/uploads\/2021\/12\/Logo_MESOPOLHIS_Quadri.png","contentUrl":"https:\/\/mesopolhis.fr\/wp-content\/uploads\/2021\/12\/Logo_MESOPOLHIS_Quadri.png","width":264,"height":69,"caption":"Mesopolhis"},"image":{"@id":"https:\/\/mesopolhis.fr\/#\/schema\/logo\/image\/"}},{"@type":"Person","@id":"https:\/\/mesopolhis.fr\/#\/schema\/person\/1ef032df43400e0a8d3c69cfcc8cc8d1","name":"msebah","image":{"@type":"ImageObject","inLanguage":"en-GB","@id":"https:\/\/secure.gravatar.com\/avatar\/1786ae482ddc8e457b6e8681f995f4090a075d2acc19dcec8b56996e785a21d1?s=96&d=mm&r=g","url":"https:\/\/secure.gravatar.com\/avatar\/1786ae482ddc8e457b6e8681f995f4090a075d2acc19dcec8b56996e785a21d1?s=96&d=mm&r=g","contentUrl":"https:\/\/secure.gravatar.com\/avatar\/1786ae482ddc8e457b6e8681f995f4090a075d2acc19dcec8b56996e785a21d1?s=96&d=mm&r=g","caption":"msebah"},"url":"https:\/\/mesopolhis.fr\/en\/blog\/author\/msebah\/"}]}},"_links":{"self":[{"href":"https:\/\/mesopolhis.fr\/en\/wp-json\/wp\/v2\/posts\/34367","targetHints":{"allow":["GET"]}}],"collection":[{"href":"https:\/\/mesopolhis.fr\/en\/wp-json\/wp\/v2\/posts"}],"about":[{"href":"https:\/\/mesopolhis.fr\/en\/wp-json\/wp\/v2\/types\/post"}],"author":[{"embeddable":true,"href":"https:\/\/mesopolhis.fr\/en\/wp-json\/wp\/v2\/users\/319"}],"replies":[{"embeddable":true,"href":"https:\/\/mesopolhis.fr\/en\/wp-json\/wp\/v2\/comments?post=34367"}],"version-history":[{"count":0,"href":"https:\/\/mesopolhis.fr\/en\/wp-json\/wp\/v2\/posts\/34367\/revisions"}],"wp:featuredmedia":[{"embeddable":true,"href":"https:\/\/mesopolhis.fr\/en\/wp-json\/wp\/v2\/media\/34368"}],"wp:attachment":[{"href":"https:\/\/mesopolhis.fr\/en\/wp-json\/wp\/v2\/media?parent=34367"}],"wp:term":[{"taxonomy":"category","embeddable":true,"href":"https:\/\/mesopolhis.fr\/en\/wp-json\/wp\/v2\/categories?post=34367"},{"taxonomy":"post_tag","embeddable":true,"href":"https:\/\/mesopolhis.fr\/en\/wp-json\/wp\/v2\/tags?post=34367"}],"curies":[{"name":"wp","href":"https:\/\/api.w.org\/{rel}","templated":true}]}}