{"id":33606,"date":"2023-07-20T09:48:45","date_gmt":"2023-07-20T07:48:45","guid":{"rendered":"https:\/\/mesopolhis.fr\/?p=33606"},"modified":"2025-07-17T16:00:57","modified_gmt":"2025-07-17T14:00:57","slug":"ariane-richard-bossez-lentree-dans-les-apprentissages-scolaires-et-ses-inegalites-lecture-sociologique-de-la-construction-des-savoirs-a-lecole-maternelle-ed-pur-2023","status":"publish","type":"post","link":"https:\/\/mesopolhis.fr\/en\/blog\/2023\/07\/20\/ariane-richard-bossez-lentree-dans-les-apprentissages-scolaires-et-ses-inegalites-lecture-sociologique-de-la-construction-des-savoirs-a-lecole-maternelle-ed-pur-2023\/","title":{"rendered":"Ariane Richard-Bossez, \"L'entr\u00e9e dans les apprentissages scolaires et ses in\u00e9galit\u00e9s, Lecture sociologique de la construction des savoirs \u00e0 l'\u00e9cole maternelle\", Ed. PUR, 2023"},"content":{"rendered":"<h1 class=\"wp-block-heading\">Starting to learn at school and the inequalities involved<\/h1>\n\n\n\n<h2 class=\"wp-block-heading\">A sociological reading of the construction of knowledge at nursery school<\/h2>\n\n\n\n<p>Richard-Bossez Ariane\u00a0<em>(author)<\/em><br><a class=\"\" href=\"https:\/\/pur-editions.fr\/search?search=%7B%22bounce%22%3A%7B%22Item1%22%3A%22Author%22,%22Item2%22%3A%227037%22%7D,%22query%22%3A%22Vitale%20Philippe%22%7D\">Vitale Philippe<\/a>\u00a0<em>(preface)<\/em><\/p>\n\n\n\n<p>Since the start of the new school year in 2019, the age of compulsory education has been lowered from 6 to 3 in order to promote academic success for all children and combat inequalities in learning. However, since the 1990s, 3-6 year-olds have been attending nursery school without this reducing the inequalities regularly highlighted by various research studies. This raises questions about the way in which nursery schools introduce the children entrusted to them to knowledge: what knowledge are they targeting? How do teachers present it to pupils? How do the pupils grasp it? How does what is taught enable all children to achieve the learning they are aiming for? These are just some of the questions that this book sets out to answer, based on the results of an observational field study in six kindergarten classes from a variety of social backgrounds, with a particular focus on learning to write.<br>As part of a sociology of the curriculum, combining the sociology of education and the sociology of knowledge, the paper looks at school knowledge in its twofold dimension, both social and cognitive, and highlights how these two dimensions interweave. While the analysis highlights the construction of learning inequalities at nursery school, it also shows that operations to revise these inequalities are discernible in the classroom, even if they occur on a more ad hoc basis.<\/p>\n\n\n\n<p><em>With the support of the MESOPOLHIS laboratory.<\/em><\/p>\n\n\n\n<div class=\"wp-block-buttons is-layout-flex wp-block-buttons-is-layout-flex\">\n<div class=\"wp-block-button\"><a class=\"wp-block-button__link wp-element-button\" href=\"https:\/\/pur-editions.fr\/product\/9286\/l-entree-dans-les-apprentissages-scolaires-et-ses-inegalites\" target=\"_blank\" rel=\"noreferrer noopener\">More information<\/a><\/div>\n<\/div>","protected":false},"excerpt":{"rendered":"<p>L'entr\u00e9e dans les apprentissages scolaires et ses in\u00e9galit\u00e9s Lecture sociologique de la construction des savoirs \u00e0 l'\u00e9cole maternelle Richard-Bossez Ariane (aut.)Vitale Philippe (pr\u00e9face) Since the start of the 2019 school year, the age of compulsory education has been raised from 6 to 3 in order to promote academic success for all children and combat inequalities in learning. However, since...<\/p>","protected":false},"author":4,"featured_media":33608,"comment_status":"closed","ping_status":"closed","sticky":false,"template":"","format":"standard","meta":{"_acf_changed":false,"inline_featured_image":false,"footnotes":""},"categories":[40,13,24],"tags":[59],"class_list":["post-33606","post","type-post","status-publish","format-standard","has-post-thumbnail","hentry","category-axe-1","category-ouvrage","category-publications","tag-a-la-une"],"acf":[],"yoast_head":"<!-- This site is optimized with the Yoast SEO plugin v27.4 - https:\/\/yoast.com\/product\/yoast-seo-wordpress\/ -->\n<title>Ariane Richard-Bossez, &quot;L\u2019entr\u00e9e dans les apprentissages scolaires et ses in\u00e9galit\u00e9s, Lecture sociologique de la construction des savoirs \u00e0 l\u2019\u00e9cole maternelle&quot;, Ed. PUR, 2023 - Mesopolhis<\/title>\n<meta name=\"robots\" content=\"index, follow, max-snippet:-1, max-image-preview:large, max-video-preview:-1\" \/>\n<link rel=\"canonical\" href=\"https:\/\/mesopolhis.fr\/en\/blog\/2023\/07\/20\/ariane-richard-bossez-lentree-dans-les-apprentissages-scolaires-et-ses-inegalites-lecture-sociologique-de-la-construction-des-savoirs-a-lecole-maternelle-ed-pur-2023\/\" \/>\n<meta property=\"og:locale\" content=\"en_GB\" \/>\n<meta property=\"og:type\" content=\"article\" \/>\n<meta property=\"og:title\" content=\"Ariane Richard-Bossez, &quot;L\u2019entr\u00e9e dans les apprentissages scolaires et ses in\u00e9galit\u00e9s, Lecture sociologique de la construction des savoirs \u00e0 l\u2019\u00e9cole maternelle&quot;, Ed. PUR, 2023 - Mesopolhis\" \/>\n<meta property=\"og:description\" content=\"L\u2019entr\u00e9e dans les apprentissages scolaires et ses in\u00e9galit\u00e9s Lecture sociologique de la construction des savoirs \u00e0 l\u2019\u00e9cole maternelle Richard-Bossez Ariane\u00a0(aut.)Vitale Philippe\u00a0(pr\u00e9face) Depuis la rentr\u00e9e 2019, l\u2019\u00e2ge de l\u2019instruction obligatoire est pass\u00e9 de 6 \u00e0 3 ans afin de favoriser la r\u00e9ussite scolaire de tous les enfants et de lutter contre les in\u00e9galit\u00e9s d\u2019apprentissage. Pourtant, depuis&hellip;\" \/>\n<meta property=\"og:url\" content=\"https:\/\/mesopolhis.fr\/en\/blog\/2023\/07\/20\/ariane-richard-bossez-lentree-dans-les-apprentissages-scolaires-et-ses-inegalites-lecture-sociologique-de-la-construction-des-savoirs-a-lecole-maternelle-ed-pur-2023\/\" \/>\n<meta property=\"og:site_name\" content=\"Mesopolhis\" \/>\n<meta property=\"article:published_time\" content=\"2023-07-20T07:48:45+00:00\" \/>\n<meta property=\"article:modified_time\" content=\"2025-07-17T14:00:57+00:00\" \/>\n<meta property=\"og:image\" content=\"https:\/\/mesopolhis.fr\/wp-content\/uploads\/2023\/07\/Capture-decran-2023-07-20-a-09.33.50.png\" \/>\n\t<meta property=\"og:image:width\" content=\"568\" \/>\n\t<meta property=\"og:image:height\" content=\"804\" \/>\n\t<meta property=\"og:image:type\" content=\"image\/png\" \/>\n<meta name=\"author\" content=\"virginie\" \/>\n<meta name=\"twitter:card\" content=\"summary_large_image\" \/>\n<meta name=\"twitter:label1\" content=\"Written by\" \/>\n\t<meta name=\"twitter:data1\" content=\"virginie\" \/>\n\t<meta name=\"twitter:label2\" content=\"Estimated reading time\" \/>\n\t<meta name=\"twitter:data2\" content=\"2 minutes\" \/>\n<script type=\"application\/ld+json\" class=\"yoast-schema-graph\">{\"@context\":\"https:\\\/\\\/schema.org\",\"@graph\":[{\"@type\":\"Article\",\"@id\":\"https:\\\/\\\/mesopolhis.fr\\\/blog\\\/2023\\\/07\\\/20\\\/ariane-richard-bossez-lentree-dans-les-apprentissages-scolaires-et-ses-inegalites-lecture-sociologique-de-la-construction-des-savoirs-a-lecole-maternelle-ed-pur-2023\\\/#article\",\"isPartOf\":{\"@id\":\"https:\\\/\\\/mesopolhis.fr\\\/blog\\\/2023\\\/07\\\/20\\\/ariane-richard-bossez-lentree-dans-les-apprentissages-scolaires-et-ses-inegalites-lecture-sociologique-de-la-construction-des-savoirs-a-lecole-maternelle-ed-pur-2023\\\/\"},\"author\":{\"name\":\"virginie\",\"@id\":\"https:\\\/\\\/mesopolhis.fr\\\/#\\\/schema\\\/person\\\/700b71eedfef4c20406f7a8b78eb8179\"},\"headline\":\"Ariane Richard-Bossez, \u00ab\u00a0L\u2019entr\u00e9e dans les apprentissages scolaires et ses in\u00e9galit\u00e9s, Lecture sociologique de la construction des savoirs \u00e0 l\u2019\u00e9cole maternelle\u00a0\u00bb, Ed. PUR, 2023\",\"datePublished\":\"2023-07-20T07:48:45+00:00\",\"dateModified\":\"2025-07-17T14:00:57+00:00\",\"mainEntityOfPage\":{\"@id\":\"https:\\\/\\\/mesopolhis.fr\\\/blog\\\/2023\\\/07\\\/20\\\/ariane-richard-bossez-lentree-dans-les-apprentissages-scolaires-et-ses-inegalites-lecture-sociologique-de-la-construction-des-savoirs-a-lecole-maternelle-ed-pur-2023\\\/\"},\"wordCount\":348,\"publisher\":{\"@id\":\"https:\\\/\\\/mesopolhis.fr\\\/#organization\"},\"image\":{\"@id\":\"https:\\\/\\\/mesopolhis.fr\\\/blog\\\/2023\\\/07\\\/20\\\/ariane-richard-bossez-lentree-dans-les-apprentissages-scolaires-et-ses-inegalites-lecture-sociologique-de-la-construction-des-savoirs-a-lecole-maternelle-ed-pur-2023\\\/#primaryimage\"},\"thumbnailUrl\":\"https:\\\/\\\/mesopolhis.fr\\\/wp-content\\\/uploads\\\/2023\\\/07\\\/Capture-decran-2023-07-20-a-09.33.50.png\",\"keywords\":[\"A la une\"],\"articleSection\":[\"Axe 1\",\"Ouvrage\",\"Publications\"],\"inLanguage\":\"en-GB\"},{\"@type\":\"WebPage\",\"@id\":\"https:\\\/\\\/mesopolhis.fr\\\/blog\\\/2023\\\/07\\\/20\\\/ariane-richard-bossez-lentree-dans-les-apprentissages-scolaires-et-ses-inegalites-lecture-sociologique-de-la-construction-des-savoirs-a-lecole-maternelle-ed-pur-2023\\\/\",\"url\":\"https:\\\/\\\/mesopolhis.fr\\\/blog\\\/2023\\\/07\\\/20\\\/ariane-richard-bossez-lentree-dans-les-apprentissages-scolaires-et-ses-inegalites-lecture-sociologique-de-la-construction-des-savoirs-a-lecole-maternelle-ed-pur-2023\\\/\",\"name\":\"Ariane Richard-Bossez, \\\"L\u2019entr\u00e9e dans les apprentissages scolaires et ses in\u00e9galit\u00e9s, Lecture sociologique de la construction des savoirs \u00e0 l\u2019\u00e9cole maternelle\\\", Ed. PUR, 2023 - Mesopolhis\",\"isPartOf\":{\"@id\":\"https:\\\/\\\/mesopolhis.fr\\\/#website\"},\"primaryImageOfPage\":{\"@id\":\"https:\\\/\\\/mesopolhis.fr\\\/blog\\\/2023\\\/07\\\/20\\\/ariane-richard-bossez-lentree-dans-les-apprentissages-scolaires-et-ses-inegalites-lecture-sociologique-de-la-construction-des-savoirs-a-lecole-maternelle-ed-pur-2023\\\/#primaryimage\"},\"image\":{\"@id\":\"https:\\\/\\\/mesopolhis.fr\\\/blog\\\/2023\\\/07\\\/20\\\/ariane-richard-bossez-lentree-dans-les-apprentissages-scolaires-et-ses-inegalites-lecture-sociologique-de-la-construction-des-savoirs-a-lecole-maternelle-ed-pur-2023\\\/#primaryimage\"},\"thumbnailUrl\":\"https:\\\/\\\/mesopolhis.fr\\\/wp-content\\\/uploads\\\/2023\\\/07\\\/Capture-decran-2023-07-20-a-09.33.50.png\",\"datePublished\":\"2023-07-20T07:48:45+00:00\",\"dateModified\":\"2025-07-17T14:00:57+00:00\",\"breadcrumb\":{\"@id\":\"https:\\\/\\\/mesopolhis.fr\\\/blog\\\/2023\\\/07\\\/20\\\/ariane-richard-bossez-lentree-dans-les-apprentissages-scolaires-et-ses-inegalites-lecture-sociologique-de-la-construction-des-savoirs-a-lecole-maternelle-ed-pur-2023\\\/#breadcrumb\"},\"inLanguage\":\"en-GB\",\"potentialAction\":[{\"@type\":\"ReadAction\",\"target\":[\"https:\\\/\\\/mesopolhis.fr\\\/blog\\\/2023\\\/07\\\/20\\\/ariane-richard-bossez-lentree-dans-les-apprentissages-scolaires-et-ses-inegalites-lecture-sociologique-de-la-construction-des-savoirs-a-lecole-maternelle-ed-pur-2023\\\/\"]}]},{\"@type\":\"ImageObject\",\"inLanguage\":\"en-GB\",\"@id\":\"https:\\\/\\\/mesopolhis.fr\\\/blog\\\/2023\\\/07\\\/20\\\/ariane-richard-bossez-lentree-dans-les-apprentissages-scolaires-et-ses-inegalites-lecture-sociologique-de-la-construction-des-savoirs-a-lecole-maternelle-ed-pur-2023\\\/#primaryimage\",\"url\":\"https:\\\/\\\/mesopolhis.fr\\\/wp-content\\\/uploads\\\/2023\\\/07\\\/Capture-decran-2023-07-20-a-09.33.50.png\",\"contentUrl\":\"https:\\\/\\\/mesopolhis.fr\\\/wp-content\\\/uploads\\\/2023\\\/07\\\/Capture-decran-2023-07-20-a-09.33.50.png\",\"width\":568,\"height\":804},{\"@type\":\"BreadcrumbList\",\"@id\":\"https:\\\/\\\/mesopolhis.fr\\\/blog\\\/2023\\\/07\\\/20\\\/ariane-richard-bossez-lentree-dans-les-apprentissages-scolaires-et-ses-inegalites-lecture-sociologique-de-la-construction-des-savoirs-a-lecole-maternelle-ed-pur-2023\\\/#breadcrumb\",\"itemListElement\":[{\"@type\":\"ListItem\",\"position\":1,\"name\":\"Accueil\",\"item\":\"https:\\\/\\\/mesopolhis.fr\\\/\"},{\"@type\":\"ListItem\",\"position\":2,\"name\":\"Ariane Richard-Bossez, &#8220;L\u2019entr\u00e9e dans les apprentissages scolaires et ses in\u00e9galit\u00e9s, Lecture sociologique de la construction des savoirs \u00e0 l\u2019\u00e9cole maternelle&#8221;, Ed. PUR, 2023\"}]},{\"@type\":\"WebSite\",\"@id\":\"https:\\\/\\\/mesopolhis.fr\\\/#website\",\"url\":\"https:\\\/\\\/mesopolhis.fr\\\/\",\"name\":\"Mesopolhis\",\"description\":\"Centre m\u00e9diterran\u00e9en de sociologie, de science politique et d&#039;histoire\",\"publisher\":{\"@id\":\"https:\\\/\\\/mesopolhis.fr\\\/#organization\"},\"potentialAction\":[{\"@type\":\"SearchAction\",\"target\":{\"@type\":\"EntryPoint\",\"urlTemplate\":\"https:\\\/\\\/mesopolhis.fr\\\/?s={search_term_string}\"},\"query-input\":{\"@type\":\"PropertyValueSpecification\",\"valueRequired\":true,\"valueName\":\"search_term_string\"}}],\"inLanguage\":\"en-GB\"},{\"@type\":\"Organization\",\"@id\":\"https:\\\/\\\/mesopolhis.fr\\\/#organization\",\"name\":\"Mesopolhis\",\"url\":\"https:\\\/\\\/mesopolhis.fr\\\/\",\"logo\":{\"@type\":\"ImageObject\",\"inLanguage\":\"en-GB\",\"@id\":\"https:\\\/\\\/mesopolhis.fr\\\/#\\\/schema\\\/logo\\\/image\\\/\",\"url\":\"https:\\\/\\\/mesopolhis.fr\\\/wp-content\\\/uploads\\\/2021\\\/12\\\/Logo_MESOPOLHIS_Quadri.png\",\"contentUrl\":\"https:\\\/\\\/mesopolhis.fr\\\/wp-content\\\/uploads\\\/2021\\\/12\\\/Logo_MESOPOLHIS_Quadri.png\",\"width\":264,\"height\":69,\"caption\":\"Mesopolhis\"},\"image\":{\"@id\":\"https:\\\/\\\/mesopolhis.fr\\\/#\\\/schema\\\/logo\\\/image\\\/\"}},{\"@type\":\"Person\",\"@id\":\"https:\\\/\\\/mesopolhis.fr\\\/#\\\/schema\\\/person\\\/700b71eedfef4c20406f7a8b78eb8179\",\"name\":\"virginie\",\"image\":{\"@type\":\"ImageObject\",\"inLanguage\":\"en-GB\",\"@id\":\"https:\\\/\\\/secure.gravatar.com\\\/avatar\\\/a2227a8d31a950990f7cc6458d686416bf99ab704a13795990d9e69126e7a1fd?s=96&d=mm&r=g\",\"url\":\"https:\\\/\\\/secure.gravatar.com\\\/avatar\\\/a2227a8d31a950990f7cc6458d686416bf99ab704a13795990d9e69126e7a1fd?s=96&d=mm&r=g\",\"contentUrl\":\"https:\\\/\\\/secure.gravatar.com\\\/avatar\\\/a2227a8d31a950990f7cc6458d686416bf99ab704a13795990d9e69126e7a1fd?s=96&d=mm&r=g\",\"caption\":\"virginie\"},\"url\":\"https:\\\/\\\/mesopolhis.fr\\\/en\\\/blog\\\/author\\\/virginie\\\/\"}]}<\/script>\n<!-- \/ Yoast SEO plugin. -->","yoast_head_json":{"title":"Ariane Richard-Bossez, \"L'entr\u00e9e dans les apprentissages scolaires et ses in\u00e9galit\u00e9s, Lecture sociologique de la construction des savoirs \u00e0 l'\u00e9cole maternelle\", Ed. PUR, 2023 - Mesopolhis","robots":{"index":"index","follow":"follow","max-snippet":"max-snippet:-1","max-image-preview":"max-image-preview:large","max-video-preview":"max-video-preview:-1"},"canonical":"https:\/\/mesopolhis.fr\/en\/blog\/2023\/07\/20\/ariane-richard-bossez-lentree-dans-les-apprentissages-scolaires-et-ses-inegalites-lecture-sociologique-de-la-construction-des-savoirs-a-lecole-maternelle-ed-pur-2023\/","og_locale":"en_GB","og_type":"article","og_title":"Ariane Richard-Bossez, \"L\u2019entr\u00e9e dans les apprentissages scolaires et ses in\u00e9galit\u00e9s, Lecture sociologique de la construction des savoirs \u00e0 l\u2019\u00e9cole maternelle\", Ed. PUR, 2023 - Mesopolhis","og_description":"L\u2019entr\u00e9e dans les apprentissages scolaires et ses in\u00e9galit\u00e9s Lecture sociologique de la construction des savoirs \u00e0 l\u2019\u00e9cole maternelle Richard-Bossez Ariane\u00a0(aut.)Vitale Philippe\u00a0(pr\u00e9face) Depuis la rentr\u00e9e 2019, l\u2019\u00e2ge de l\u2019instruction obligatoire est pass\u00e9 de 6 \u00e0 3 ans afin de favoriser la r\u00e9ussite scolaire de tous les enfants et de lutter contre les in\u00e9galit\u00e9s d\u2019apprentissage. Pourtant, depuis&hellip;","og_url":"https:\/\/mesopolhis.fr\/en\/blog\/2023\/07\/20\/ariane-richard-bossez-lentree-dans-les-apprentissages-scolaires-et-ses-inegalites-lecture-sociologique-de-la-construction-des-savoirs-a-lecole-maternelle-ed-pur-2023\/","og_site_name":"Mesopolhis","article_published_time":"2023-07-20T07:48:45+00:00","article_modified_time":"2025-07-17T14:00:57+00:00","og_image":[{"width":568,"height":804,"url":"https:\/\/mesopolhis.fr\/wp-content\/uploads\/2023\/07\/Capture-decran-2023-07-20-a-09.33.50.png","type":"image\/png"}],"author":"virginie","twitter_card":"summary_large_image","twitter_misc":{"Written by":"virginie","Estimated reading time":"2 minutes"},"schema":{"@context":"https:\/\/schema.org","@graph":[{"@type":"Article","@id":"https:\/\/mesopolhis.fr\/blog\/2023\/07\/20\/ariane-richard-bossez-lentree-dans-les-apprentissages-scolaires-et-ses-inegalites-lecture-sociologique-de-la-construction-des-savoirs-a-lecole-maternelle-ed-pur-2023\/#article","isPartOf":{"@id":"https:\/\/mesopolhis.fr\/blog\/2023\/07\/20\/ariane-richard-bossez-lentree-dans-les-apprentissages-scolaires-et-ses-inegalites-lecture-sociologique-de-la-construction-des-savoirs-a-lecole-maternelle-ed-pur-2023\/"},"author":{"name":"virginie","@id":"https:\/\/mesopolhis.fr\/#\/schema\/person\/700b71eedfef4c20406f7a8b78eb8179"},"headline":"Ariane Richard-Bossez, \u00ab\u00a0L\u2019entr\u00e9e dans les apprentissages scolaires et ses in\u00e9galit\u00e9s, Lecture sociologique de la construction des savoirs \u00e0 l\u2019\u00e9cole maternelle\u00a0\u00bb, Ed. PUR, 2023","datePublished":"2023-07-20T07:48:45+00:00","dateModified":"2025-07-17T14:00:57+00:00","mainEntityOfPage":{"@id":"https:\/\/mesopolhis.fr\/blog\/2023\/07\/20\/ariane-richard-bossez-lentree-dans-les-apprentissages-scolaires-et-ses-inegalites-lecture-sociologique-de-la-construction-des-savoirs-a-lecole-maternelle-ed-pur-2023\/"},"wordCount":348,"publisher":{"@id":"https:\/\/mesopolhis.fr\/#organization"},"image":{"@id":"https:\/\/mesopolhis.fr\/blog\/2023\/07\/20\/ariane-richard-bossez-lentree-dans-les-apprentissages-scolaires-et-ses-inegalites-lecture-sociologique-de-la-construction-des-savoirs-a-lecole-maternelle-ed-pur-2023\/#primaryimage"},"thumbnailUrl":"https:\/\/mesopolhis.fr\/wp-content\/uploads\/2023\/07\/Capture-decran-2023-07-20-a-09.33.50.png","keywords":["A la une"],"articleSection":["Axe 1","Ouvrage","Publications"],"inLanguage":"en-GB"},{"@type":"WebPage","@id":"https:\/\/mesopolhis.fr\/blog\/2023\/07\/20\/ariane-richard-bossez-lentree-dans-les-apprentissages-scolaires-et-ses-inegalites-lecture-sociologique-de-la-construction-des-savoirs-a-lecole-maternelle-ed-pur-2023\/","url":"https:\/\/mesopolhis.fr\/blog\/2023\/07\/20\/ariane-richard-bossez-lentree-dans-les-apprentissages-scolaires-et-ses-inegalites-lecture-sociologique-de-la-construction-des-savoirs-a-lecole-maternelle-ed-pur-2023\/","name":"Ariane Richard-Bossez, \"L'entr\u00e9e dans les apprentissages scolaires et ses in\u00e9galit\u00e9s, Lecture sociologique de la construction des savoirs \u00e0 l'\u00e9cole maternelle\", Ed. PUR, 2023 - Mesopolhis","isPartOf":{"@id":"https:\/\/mesopolhis.fr\/#website"},"primaryImageOfPage":{"@id":"https:\/\/mesopolhis.fr\/blog\/2023\/07\/20\/ariane-richard-bossez-lentree-dans-les-apprentissages-scolaires-et-ses-inegalites-lecture-sociologique-de-la-construction-des-savoirs-a-lecole-maternelle-ed-pur-2023\/#primaryimage"},"image":{"@id":"https:\/\/mesopolhis.fr\/blog\/2023\/07\/20\/ariane-richard-bossez-lentree-dans-les-apprentissages-scolaires-et-ses-inegalites-lecture-sociologique-de-la-construction-des-savoirs-a-lecole-maternelle-ed-pur-2023\/#primaryimage"},"thumbnailUrl":"https:\/\/mesopolhis.fr\/wp-content\/uploads\/2023\/07\/Capture-decran-2023-07-20-a-09.33.50.png","datePublished":"2023-07-20T07:48:45+00:00","dateModified":"2025-07-17T14:00:57+00:00","breadcrumb":{"@id":"https:\/\/mesopolhis.fr\/blog\/2023\/07\/20\/ariane-richard-bossez-lentree-dans-les-apprentissages-scolaires-et-ses-inegalites-lecture-sociologique-de-la-construction-des-savoirs-a-lecole-maternelle-ed-pur-2023\/#breadcrumb"},"inLanguage":"en-GB","potentialAction":[{"@type":"ReadAction","target":["https:\/\/mesopolhis.fr\/blog\/2023\/07\/20\/ariane-richard-bossez-lentree-dans-les-apprentissages-scolaires-et-ses-inegalites-lecture-sociologique-de-la-construction-des-savoirs-a-lecole-maternelle-ed-pur-2023\/"]}]},{"@type":"ImageObject","inLanguage":"en-GB","@id":"https:\/\/mesopolhis.fr\/blog\/2023\/07\/20\/ariane-richard-bossez-lentree-dans-les-apprentissages-scolaires-et-ses-inegalites-lecture-sociologique-de-la-construction-des-savoirs-a-lecole-maternelle-ed-pur-2023\/#primaryimage","url":"https:\/\/mesopolhis.fr\/wp-content\/uploads\/2023\/07\/Capture-decran-2023-07-20-a-09.33.50.png","contentUrl":"https:\/\/mesopolhis.fr\/wp-content\/uploads\/2023\/07\/Capture-decran-2023-07-20-a-09.33.50.png","width":568,"height":804},{"@type":"BreadcrumbList","@id":"https:\/\/mesopolhis.fr\/blog\/2023\/07\/20\/ariane-richard-bossez-lentree-dans-les-apprentissages-scolaires-et-ses-inegalites-lecture-sociologique-de-la-construction-des-savoirs-a-lecole-maternelle-ed-pur-2023\/#breadcrumb","itemListElement":[{"@type":"ListItem","position":1,"name":"Accueil","item":"https:\/\/mesopolhis.fr\/"},{"@type":"ListItem","position":2,"name":"Ariane Richard-Bossez, &#8220;L\u2019entr\u00e9e dans les apprentissages scolaires et ses in\u00e9galit\u00e9s, Lecture sociologique de la construction des savoirs \u00e0 l\u2019\u00e9cole maternelle&#8221;, Ed. PUR, 2023"}]},{"@type":"WebSite","@id":"https:\/\/mesopolhis.fr\/#website","url":"https:\/\/mesopolhis.fr\/","name":"Mesopolhis","description":"Mediterranean Centre for Sociology, Political Science and History","publisher":{"@id":"https:\/\/mesopolhis.fr\/#organization"},"potentialAction":[{"@type":"SearchAction","target":{"@type":"EntryPoint","urlTemplate":"https:\/\/mesopolhis.fr\/?s={search_term_string}"},"query-input":{"@type":"PropertyValueSpecification","valueRequired":true,"valueName":"search_term_string"}}],"inLanguage":"en-GB"},{"@type":"Organization","@id":"https:\/\/mesopolhis.fr\/#organization","name":"Mesopolhis","url":"https:\/\/mesopolhis.fr\/","logo":{"@type":"ImageObject","inLanguage":"en-GB","@id":"https:\/\/mesopolhis.fr\/#\/schema\/logo\/image\/","url":"https:\/\/mesopolhis.fr\/wp-content\/uploads\/2021\/12\/Logo_MESOPOLHIS_Quadri.png","contentUrl":"https:\/\/mesopolhis.fr\/wp-content\/uploads\/2021\/12\/Logo_MESOPOLHIS_Quadri.png","width":264,"height":69,"caption":"Mesopolhis"},"image":{"@id":"https:\/\/mesopolhis.fr\/#\/schema\/logo\/image\/"}},{"@type":"Person","@id":"https:\/\/mesopolhis.fr\/#\/schema\/person\/700b71eedfef4c20406f7a8b78eb8179","name":"virginie","image":{"@type":"ImageObject","inLanguage":"en-GB","@id":"https:\/\/secure.gravatar.com\/avatar\/a2227a8d31a950990f7cc6458d686416bf99ab704a13795990d9e69126e7a1fd?s=96&d=mm&r=g","url":"https:\/\/secure.gravatar.com\/avatar\/a2227a8d31a950990f7cc6458d686416bf99ab704a13795990d9e69126e7a1fd?s=96&d=mm&r=g","contentUrl":"https:\/\/secure.gravatar.com\/avatar\/a2227a8d31a950990f7cc6458d686416bf99ab704a13795990d9e69126e7a1fd?s=96&d=mm&r=g","caption":"virginie"},"url":"https:\/\/mesopolhis.fr\/en\/blog\/author\/virginie\/"}]}},"_links":{"self":[{"href":"https:\/\/mesopolhis.fr\/en\/wp-json\/wp\/v2\/posts\/33606","targetHints":{"allow":["GET"]}}],"collection":[{"href":"https:\/\/mesopolhis.fr\/en\/wp-json\/wp\/v2\/posts"}],"about":[{"href":"https:\/\/mesopolhis.fr\/en\/wp-json\/wp\/v2\/types\/post"}],"author":[{"embeddable":true,"href":"https:\/\/mesopolhis.fr\/en\/wp-json\/wp\/v2\/users\/4"}],"replies":[{"embeddable":true,"href":"https:\/\/mesopolhis.fr\/en\/wp-json\/wp\/v2\/comments?post=33606"}],"version-history":[{"count":0,"href":"https:\/\/mesopolhis.fr\/en\/wp-json\/wp\/v2\/posts\/33606\/revisions"}],"wp:featuredmedia":[{"embeddable":true,"href":"https:\/\/mesopolhis.fr\/en\/wp-json\/wp\/v2\/media\/33608"}],"wp:attachment":[{"href":"https:\/\/mesopolhis.fr\/en\/wp-json\/wp\/v2\/media?parent=33606"}],"wp:term":[{"taxonomy":"category","embeddable":true,"href":"https:\/\/mesopolhis.fr\/en\/wp-json\/wp\/v2\/categories?post=33606"},{"taxonomy":"post_tag","embeddable":true,"href":"https:\/\/mesopolhis.fr\/en\/wp-json\/wp\/v2\/tags?post=33606"}],"curies":[{"name":"wp","href":"https:\/\/api.w.org\/{rel}","templated":true}]}}